{"id":600,"date":"2015-08-01T12:16:25","date_gmt":"2015-08-01T12:16:25","guid":{"rendered":"http:\/\/keine-osttangente.de\/?p=600"},"modified":"2015-08-01T12:16:25","modified_gmt":"2015-08-01T12:16:25","slug":"positionspapier-der-meringer-csu-zur-osttangente","status":"publish","type":"post","link":"https:\/\/keine-osttangente.de\/?p=600","title":{"rendered":"Positionspapier der Meringer CSU zur OSttangente"},"content":{"rendered":"<p><a href=\"https:\/\/keine-osttangente.de\/wp-content\/uploads\/2015\/08\/2015-07-08-Osttangente.pdf\">2015-07-08 Osttangente<\/a><\/p>\n","protected":false},"excerpt":{"rendered":"<p>2015-07-08 Osttangente<\/p>\n","protected":false},"author":3,"featured_media":0,"comment_status":"open","ping_status":"open","sticky":false,"template":"","format":"standard","meta":{"jetpack_post_was_ever_published":false,"_jetpack_newsletter_access":"","_jetpack_dont_email_post_to_subs":false,"_jetpack_newsletter_tier_id":0,"footnotes":"","jetpack_publicize_message":"","jetpack_publicize_feature_enabled":true,"jetpack_social_post_already_shared":false,"jetpack_social_options":{"image_generator_settings":{"template":"highway","enabled":false}}},"categories":[4],"tags":[68,69],"jetpack_publicize_connections":[],"jetpack_featured_media_url":"","jetpack_shortlink":"https:\/\/wp.me\/p8dGOP-9G","jetpack-related-posts":[{"id":726,"url":"https:\/\/keine-osttangente.de\/?p=726","url_meta":{"origin":600,"position":0},"title":"Offener Brief an Kreistagsmitglieder und Antrag CSU\/SPD","author":"Wolfhard von Thienen","date":"26. Februar 2016","format":false,"excerpt":"Hier ist der Wortlaut des Antrages der CSU und SPD, der am 9.3.2016 behandelt werden soll. Antrag zur Osttangente Und hier ist unser offener Brief dazu an die Kreistagsmitglieder KreistagOffenerBrief \u00a0 \u00a0","rel":"","context":"In &quot;Allgemein&quot;","block_context":{"text":"Allgemein","link":"https:\/\/keine-osttangente.de\/?cat=4"},"img":{"alt_text":"","src":"","width":0,"height":0},"classes":[]},{"id":658,"url":"https:\/\/keine-osttangente.de\/?p=658","url_meta":{"origin":600,"position":1},"title":"12.11.2015 Augsburger Allgemeine Friedberg","author":"Admin","date":"12. November 2015","format":"quote","excerpt":"\u00a012.11.2015 Augsburger Allgemeine Friedberg Meringer CSU biegt auf die Osttangente ein","rel":"","context":"In &quot;Presse&quot;","block_context":{"text":"Presse","link":"https:\/\/keine-osttangente.de\/?cat=42"},"img":{"alt_text":"","src":"","width":0,"height":0},"classes":[]},{"id":1554,"url":"https:\/\/keine-osttangente.de\/?p=1554","url_meta":{"origin":600,"position":2},"title":"Keine Osttangente","author":"Admin","date":"3. Mai 2018","format":false,"excerpt":"Die Osttangente soll als neue Schnellstra\u00dfe zwischen Oberottmarshausen (B17) bis Derching (A8) zur Entlastung der B17 und zur Lenkung \u00fcberregionaler Verkehrsstr\u00f6me zwischen Lindauer (A96) und Stuttgarter Autobahn (A8) gebaut werden. Die Ausbaugesetze f\u00fcr den Bundesverkehrswegeplan 2030 und damit die Osttangente Augsburg sind im Herbst 2016 mit der Mehrheit der CDU\/CSU\u2026","rel":"","context":"In &quot;Allgemein&quot;","block_context":{"text":"Allgemein","link":"https:\/\/keine-osttangente.de\/?cat=4"},"img":{"alt_text":"","src":"https:\/\/i0.wp.com\/keine-osttangente.de\/wp-content\/uploads\/2018\/05\/Verkehrsfluss.jpg?fit=672%2C372&ssl=1&resize=350%2C200","width":350,"height":200,"srcset":"https:\/\/i0.wp.com\/keine-osttangente.de\/wp-content\/uploads\/2018\/05\/Verkehrsfluss.jpg?fit=672%2C372&ssl=1&resize=350%2C200 1x, https:\/\/i0.wp.com\/keine-osttangente.de\/wp-content\/uploads\/2018\/05\/Verkehrsfluss.jpg?fit=672%2C372&ssl=1&resize=525%2C300 1.5x"},"classes":[]},{"id":2191,"url":"https:\/\/keine-osttangente.de\/?p=2191","url_meta":{"origin":600,"position":3},"title":"&#8222;Osttangente light&#8220; &#8211;  Presseerkl\u00e4rung des Aktionsb\u00fcndnisses Keine Osttangente","author":"Wolfhard von Thienen","date":"12. Juni 2021","format":false,"excerpt":"Am 11. Juni hat das Staatliche Bauamt die lang und immer wieder verschobenen Detailplanungen zur Osttangente ver\u00f6ffentlicht. Es kommt zu dem Schluss, dass weder eine nenneswerte Entlastung Kissings noch eine Entlastung der B17 durch die Osttangente m\u00f6glich ist.\u00a0 Das Amt macht dar\u00fcberhinaus Vorschl\u00e4ge zur L\u00f6sung lokaler Verkehrsprobleme z.B. in Kissing.\u2026","rel":"","context":"In &quot;Allgemein&quot;","block_context":{"text":"Allgemein","link":"https:\/\/keine-osttangente.de\/?cat=4"},"img":{"alt_text":"","src":"https:\/\/i0.wp.com\/keine-osttangente.de\/wp-content\/uploads\/2021\/06\/Bauamt2021_11_06-225x300.png?resize=350%2C200","width":350,"height":200},"classes":[]},{"id":1918,"url":"https:\/\/keine-osttangente.de\/?p=1918","url_meta":{"origin":600,"position":4},"title":"Presseerkl\u00e4rung zu Kommunalwahl 2020","author":"Wolfhard von Thienen","date":"11. Februar 2020","format":false,"excerpt":"Presseerkl\u00e4rung AKO-Alternative Konzepte f\u00fcr Mobilit\u00e4t e.V. Osttangente und Mobilit\u00e4t \u2013 Wo stehen die Kandidaten in der Kommunalwahl 2020? Zweifellos, sie ist das gr\u00f6\u00dfte verkehrspolitische Vorhaben in unserer Region, die Osttangente. Diese autobahn\u00e4hnliche \u00fcberregionale Schnellstra\u00dfe wird gerade mit Hochdruck vom staatlichen Bauamt zwischen der B17 bei K\u00f6nigsbrunn und der A8 bei\u2026","rel":"","context":"In &quot;Politik&quot;","block_context":{"text":"Politik","link":"https:\/\/keine-osttangente.de\/?cat=153"},"img":{"alt_text":"","src":"","width":0,"height":0},"classes":[]},{"id":1876,"url":"https:\/\/keine-osttangente.de\/?p=1876","url_meta":{"origin":600,"position":5},"title":"Kommunalwahl 2020 \u2013 Fragen an Kandidatinnen und Kandidaten zur Osttangente und regionalen Mobilit\u00e4tspolitik","author":"Wolfhard von Thienen","date":"11. Februar 2020","format":false,"excerpt":"Wir wollten von allen Kandidatinnen und -kandidaten im Landkreis Aichach-Friedberg wissen, wie sie zur Osttangente und zur Mobilit\u00e4tspolitik in der Region stehen. Wir schrieben deshalb alle Bewerberinnen und Bewerber\u00a0 an.\u00a0 Die Antworten werden hier wiedergegeben. Wir bedanken uns hiermit ganz herzlich bei allen, die uns Ihre Antworten schickten. Nutzen Sie\u2026","rel":"","context":"In &quot;Allgemein&quot;","block_context":{"text":"Allgemein","link":"https:\/\/keine-osttangente.de\/?cat=4"},"img":{"alt_text":"","src":"","width":0,"height":0},"classes":[]}],"jetpack_likes_enabled":true,"jetpack_sharing_enabled":true,"_links":{"self":[{"href":"https:\/\/keine-osttangente.de\/index.php?rest_route=\/wp\/v2\/posts\/600"}],"collection":[{"href":"https:\/\/keine-osttangente.de\/index.php?rest_route=\/wp\/v2\/posts"}],"about":[{"href":"https:\/\/keine-osttangente.de\/index.php?rest_route=\/wp\/v2\/types\/post"}],"author":[{"embeddable":true,"href":"https:\/\/keine-osttangente.de\/index.php?rest_route=\/wp\/v2\/users\/3"}],"replies":[{"embeddable":true,"href":"https:\/\/keine-osttangente.de\/index.php?rest_route=%2Fwp%2Fv2%2Fcomments&post=600"}],"version-history":[{"count":1,"href":"https:\/\/keine-osttangente.de\/index.php?rest_route=\/wp\/v2\/posts\/600\/revisions"}],"predecessor-version":[{"id":602,"href":"https:\/\/keine-osttangente.de\/index.php?rest_route=\/wp\/v2\/posts\/600\/revisions\/602"}],"wp:attachment":[{"href":"https:\/\/keine-osttangente.de\/index.php?rest_route=%2Fwp%2Fv2%2Fmedia&parent=600"}],"wp:term":[{"taxonomy":"category","embeddable":true,"href":"https:\/\/keine-osttangente.de\/index.php?rest_route=%2Fwp%2Fv2%2Fcategories&post=600"},{"taxonomy":"post_tag","embeddable":true,"href":"https:\/\/keine-osttangente.de\/index.php?rest_route=%2Fwp%2Fv2%2Ftags&post=600"}],"curies":[{"name":"wp","href":"https:\/\/api.w.org\/{rel}","templated":true}]}}