{"id":2619,"date":"2026-01-26T15:34:37","date_gmt":"2026-01-26T15:34:37","guid":{"rendered":"https:\/\/keine-osttangente.de\/?p=2619"},"modified":"2026-01-26T15:41:24","modified_gmt":"2026-01-26T15:41:24","slug":"aktionstag-und-demo-verkehrsberuhigtes-mering-am-fraietag-6-2-2026","status":"publish","type":"post","link":"https:\/\/keine-osttangente.de\/?p=2619","title":{"rendered":"Aktionstag und Demo &#8222;Verkehrsberuhigtes Mering&#8220; am Fraietag, 6.2.2026"},"content":{"rendered":"<p>Unser Verein veranstaltet mit Unterst\u00fctzung von <em>Bund Naturschutz<\/em>, <em>B\u00fcndnis Nachhaltiges Mering<\/em>, <em>ADFC<\/em> und <em>Gr\u00fcne<\/em> einen <strong>Aktionstag zur Verkehrsberuhigung<\/strong> in Mering.<\/p>\n<p>Seien auch Sie dabei &#8211; allein, mit Freunden oder Familie.<\/p>\n<p><strong>Sie k\u00f6nnen sich auch gerne mit eigenen Aktionen und Ideen beteiligen.\u00a0 Schreiben Sie uns: info@keine-osttangente.de.<\/strong><\/p>\n<p><img loading=\"lazy\" decoding=\"async\" data-attachment-id=\"2626\" data-permalink=\"https:\/\/keine-osttangente.de\/?attachment_id=2626\" data-orig-file=\"https:\/\/i0.wp.com\/keine-osttangente.de\/wp-content\/uploads\/2026\/01\/Seite1.jpg?fit=515%2C732&amp;ssl=1\" data-orig-size=\"515,732\" data-comments-opened=\"0\" data-image-meta=\"{&quot;aperture&quot;:&quot;0&quot;,&quot;credit&quot;:&quot;&quot;,&quot;camera&quot;:&quot;&quot;,&quot;caption&quot;:&quot;&quot;,&quot;created_timestamp&quot;:&quot;0&quot;,&quot;copyright&quot;:&quot;&quot;,&quot;focal_length&quot;:&quot;0&quot;,&quot;iso&quot;:&quot;0&quot;,&quot;shutter_speed&quot;:&quot;0&quot;,&quot;title&quot;:&quot;&quot;,&quot;orientation&quot;:&quot;1&quot;}\" data-image-title=\"Seite1\" data-image-description=\"\" data-image-caption=\"\" data-medium-file=\"https:\/\/i0.wp.com\/keine-osttangente.de\/wp-content\/uploads\/2026\/01\/Seite1.jpg?fit=211%2C300&amp;ssl=1\" data-large-file=\"https:\/\/i0.wp.com\/keine-osttangente.de\/wp-content\/uploads\/2026\/01\/Seite1.jpg?fit=474%2C674&amp;ssl=1\" class=\"alignnone wp-image-2626\" src=\"https:\/\/i0.wp.com\/keine-osttangente.de\/wp-content\/uploads\/2026\/01\/Seite1.jpg?resize=448%2C637&#038;ssl=1\" alt=\"\" width=\"448\" height=\"637\" srcset=\"https:\/\/i0.wp.com\/keine-osttangente.de\/wp-content\/uploads\/2026\/01\/Seite1.jpg?resize=211%2C300&amp;ssl=1 211w, https:\/\/i0.wp.com\/keine-osttangente.de\/wp-content\/uploads\/2026\/01\/Seite1.jpg?w=515&amp;ssl=1 515w\" sizes=\"(max-width: 448px) 100vw, 448px\" data-recalc-dims=\"1\" \/><\/p>\n<p>&nbsp;<\/p>\n<p><img loading=\"lazy\" decoding=\"async\" data-attachment-id=\"2630\" data-permalink=\"https:\/\/keine-osttangente.de\/?attachment_id=2630\" data-orig-file=\"https:\/\/i0.wp.com\/keine-osttangente.de\/wp-content\/uploads\/2026\/01\/Seite2.jpg?fit=637%2C910&amp;ssl=1\" data-orig-size=\"637,910\" data-comments-opened=\"0\" data-image-meta=\"{&quot;aperture&quot;:&quot;0&quot;,&quot;credit&quot;:&quot;&quot;,&quot;camera&quot;:&quot;&quot;,&quot;caption&quot;:&quot;&quot;,&quot;created_timestamp&quot;:&quot;0&quot;,&quot;copyright&quot;:&quot;&quot;,&quot;focal_length&quot;:&quot;0&quot;,&quot;iso&quot;:&quot;0&quot;,&quot;shutter_speed&quot;:&quot;0&quot;,&quot;title&quot;:&quot;&quot;,&quot;orientation&quot;:&quot;0&quot;}\" data-image-title=\"Seite2\" data-image-description=\"\" data-image-caption=\"\" data-medium-file=\"https:\/\/i0.wp.com\/keine-osttangente.de\/wp-content\/uploads\/2026\/01\/Seite2.jpg?fit=210%2C300&amp;ssl=1\" data-large-file=\"https:\/\/i0.wp.com\/keine-osttangente.de\/wp-content\/uploads\/2026\/01\/Seite2.jpg?fit=474%2C677&amp;ssl=1\" class=\"alignnone wp-image-2630\" src=\"https:\/\/i0.wp.com\/keine-osttangente.de\/wp-content\/uploads\/2026\/01\/Seite2.jpg?resize=445%2C636&#038;ssl=1\" alt=\"\" width=\"445\" height=\"636\" srcset=\"https:\/\/i0.wp.com\/keine-osttangente.de\/wp-content\/uploads\/2026\/01\/Seite2.jpg?resize=210%2C300&amp;ssl=1 210w, https:\/\/i0.wp.com\/keine-osttangente.de\/wp-content\/uploads\/2026\/01\/Seite2.jpg?w=637&amp;ssl=1 637w\" sizes=\"(max-width: 445px) 100vw, 445px\" data-recalc-dims=\"1\" \/><\/p>\n<p><a href=\"https:\/\/keine-osttangente.de\/wp-content\/uploads\/2026\/01\/Flyer-Aktionstag-Verkehrsberuhigung.pdf\">Hier gehts zum Flyer<\/a><\/p>\n","protected":false},"excerpt":{"rendered":"<p>Unser Verein veranstaltet mit Unterst\u00fctzung von Bund Naturschutz, B\u00fcndnis Nachhaltiges Mering, ADFC und Gr\u00fcne einen Aktionstag zur Verkehrsberuhigung in Mering. Seien auch Sie dabei &#8211; allein, mit Freunden oder Familie. Sie k\u00f6nnen sich auch gerne mit eigenen Aktionen und Ideen beteiligen.\u00a0 Schreiben Sie uns: info@keine-osttangente.de. &nbsp; Hier gehts zum Flyer<\/p>\n","protected":false},"author":3,"featured_media":0,"comment_status":"closed","ping_status":"closed","sticky":false,"template":"","format":"standard","meta":{"jetpack_post_was_ever_published":false,"_jetpack_newsletter_access":"","_jetpack_dont_email_post_to_subs":false,"_jetpack_newsletter_tier_id":0,"footnotes":"","jetpack_publicize_message":"","jetpack_publicize_feature_enabled":true,"jetpack_social_post_already_shared":true,"jetpack_social_options":{"image_generator_settings":{"template":"highway","enabled":false}}},"categories":[4],"tags":[],"jetpack_publicize_connections":[],"jetpack_featured_media_url":"","jetpack_shortlink":"https:\/\/wp.me\/p8dGOP-Gf","jetpack-related-posts":[{"id":2640,"url":"https:\/\/keine-osttangente.de\/?p=2640","url_meta":{"origin":2619,"position":0},"title":"Bericht \u00fcber unseren Aktionstag Verkehrsberuhigtes Mering","author":"Wolfhard von Thienen","date":"7. Februar 2026","format":false,"excerpt":"Unser Aktionstag war ein Erfolg. Trotz schlechter Wetterprognose nahmen ca. 70 Personen an unserer Demo teil und nser Info-und Mitmachstand am Marktplatz fand reichlich Zuspruch. Hier auch ein Bericht der Friedberger Allgemeinen https:\/\/www.augsburger-allgemeine.de\/friedberg\/mering-kundgebung-fordert-mehr-sicherheit-fuer-verkehrsteilnehmer-113381309 Auch a-tv berichtetete (ab Min. 11.49) \u00a0 \u00a0","rel":"","context":"In &quot;Neue Mobilit\u00e4tskonzepte&quot;","block_context":{"text":"Neue Mobilit\u00e4tskonzepte","link":"https:\/\/keine-osttangente.de\/?cat=107"},"img":{"alt_text":"","src":"https:\/\/i0.wp.com\/keine-osttangente.de\/wp-content\/uploads\/2026\/02\/20260206_152101-scaled.jpg?fit=1200%2C764&ssl=1&resize=350%2C200","width":350,"height":200,"srcset":"https:\/\/i0.wp.com\/keine-osttangente.de\/wp-content\/uploads\/2026\/02\/20260206_152101-scaled.jpg?fit=1200%2C764&ssl=1&resize=350%2C200 1x, https:\/\/i0.wp.com\/keine-osttangente.de\/wp-content\/uploads\/2026\/02\/20260206_152101-scaled.jpg?fit=1200%2C764&ssl=1&resize=525%2C300 1.5x, https:\/\/i0.wp.com\/keine-osttangente.de\/wp-content\/uploads\/2026\/02\/20260206_152101-scaled.jpg?fit=1200%2C764&ssl=1&resize=700%2C400 2x, https:\/\/i0.wp.com\/keine-osttangente.de\/wp-content\/uploads\/2026\/02\/20260206_152101-scaled.jpg?fit=1200%2C764&ssl=1&resize=1050%2C600 3x"},"classes":[]},{"id":1626,"url":"https:\/\/keine-osttangente.de\/?p=1626","url_meta":{"origin":2619,"position":1},"title":"Hans Well kommt mit seinen Wellbappn am 12. Oktober nach Mering","author":"Wolfhard von Thienen","date":"20. September 2018","format":false,"excerpt":"Hans Well kommt mit seinen Wellbappn nach Mering Nach dem Auftritt von Haindling kommt in diesem Jahr mit Hans Well und seinen Wellbappn eine weitere bayerische Kultband nach Mering. Sie \u201ehaben sich mittlerweile als erfolgreiche und ernstzunehmende Nachfolger der Bierm\u00f6sl Blosn, jener legend\u00e4ren Kabarett- und Musik-Band, etabliert\u201c schrieb k\u00fcrzlich die\u2026","rel":"","context":"In &quot;Veranstaltung&quot;","block_context":{"text":"Veranstaltung","link":"https:\/\/keine-osttangente.de\/?cat=88"},"img":{"alt_text":"","src":"https:\/\/i0.wp.com\/keine-osttangente.de\/wp-content\/uploads\/2018\/09\/Wellbappn2018-214x300.jpg?resize=350%2C200","width":350,"height":200},"classes":[]},{"id":1884,"url":"https:\/\/keine-osttangente.de\/?p=1884","url_meta":{"origin":2619,"position":2},"title":"Kommunalwahl 2020 &#8211; Petra von Thienen","author":"Wolfhard von Thienen","date":"11. Februar 2020","format":false,"excerpt":"Petra von Thienen, B\u00fcrgermeisterkandidatin Mering, B\u00fcndnis 90\/Die Gr\u00fcnen Sind Sie f\u00fcr oder gegen die Osttangente, so wie sie im Bundesverkehrswegeplan definiert ist? Ich bin eine ganz klare Gegnerin der Osttangente, weil uns diese als Bundesstra\u00dfe getarnte Autobahn nur schaden wird. Sie wird uns in Mering Lebensqualit\u00e4t kosten, wertvolle Natur wird\u2026","rel":"","context":"In &quot;Allgemein&quot;","block_context":{"text":"Allgemein","link":"https:\/\/keine-osttangente.de\/?cat=4"},"img":{"alt_text":"","src":"","width":0,"height":0},"classes":[]},{"id":1907,"url":"https:\/\/keine-osttangente.de\/?p=1907","url_meta":{"origin":2619,"position":3},"title":"Kommunalwahl 2020 &#8211; Stefan Hummel","author":"Wolfhard von Thienen","date":"11. Februar 2020","format":false,"excerpt":"Stefan Hummel, B\u00fcrgermeisterkandidat Mering, SPD Hinweis: Die Beantwortung erfolgte ohne unmittelbaren Bezug zu unseren Fragen. Gerne nehme ich zu den von Ihnen aufgef\u00fchrten Fragen Stellung. Konzentriert habe ich mich bei der Beantwortung auf den Aufgaben- und Zust\u00e4ndigkeitsbereich als B\u00fcrgermeister. Die Verkehrswende und der damit verbundene Ausbau des \u00f6ffentlichen Nahverkehres genauso\u2026","rel":"","context":"In &quot;Allgemein&quot;","block_context":{"text":"Allgemein","link":"https:\/\/keine-osttangente.de\/?cat=4"},"img":{"alt_text":"","src":"","width":0,"height":0},"classes":[]},{"id":2216,"url":"https:\/\/keine-osttangente.de\/?p=2216","url_meta":{"origin":2619,"position":4},"title":"Mering Digital diskreditiert sich selbst","author":"Wolfhard von Thienen","date":"1. August 2021","format":false,"excerpt":"Der k\u00fcrzlich gegr\u00fcndete Verein Mering Digital ist an sich eine gute Sache. Der Verein will eine Plattform f\u00fcr Firmen, Gesch\u00e4fte und Vereine bieten, auf der diese sich und ihre Dienstleistungen pr\u00e4sentieren, Veranstaltungen ank\u00fcndigen und sonstige Infos bereitstellen und austauschen k\u00f6nnen. So fand der Verein schnell viele Unterst\u00fctzer und Mitglieder, die\u2026","rel":"","context":"In &quot;Allgemein&quot;","block_context":{"text":"Allgemein","link":"https:\/\/keine-osttangente.de\/?cat=4"},"img":{"alt_text":"","src":"","width":0,"height":0},"classes":[]},{"id":1895,"url":"https:\/\/keine-osttangente.de\/?p=1895","url_meta":{"origin":2619,"position":5},"title":"Kommunalwahl 2020 &#8211; Florian Mayer","author":"Wolfhard von Thienen","date":"11. Februar 2020","format":false,"excerpt":"Florian Mayer, B\u00fcrgermeisterkandidat Mering, CSU Sind Sie f\u00fcr oder gegen die Osttangente, so wie sie im Bundesverkehrswegeplan definiert ist? Im Bundesverkehrswegeplan ist die Osttangente als autobahn\u00e4hnliche Umfahrung von Augsburg zur Entlastung der Bundesstra\u00dfe 17 mit \u00fcberregionalen Zielsetzungen definiert. F\u00fcr Mering \u00fcberwiegen hier klar die Nachteile, weshalb ich diese Ma\u00dfnahme ablehne.\u2026","rel":"","context":"In &quot;Allgemein&quot;","block_context":{"text":"Allgemein","link":"https:\/\/keine-osttangente.de\/?cat=4"},"img":{"alt_text":"","src":"","width":0,"height":0},"classes":[]}],"jetpack_likes_enabled":true,"jetpack_sharing_enabled":true,"_links":{"self":[{"href":"https:\/\/keine-osttangente.de\/index.php?rest_route=\/wp\/v2\/posts\/2619"}],"collection":[{"href":"https:\/\/keine-osttangente.de\/index.php?rest_route=\/wp\/v2\/posts"}],"about":[{"href":"https:\/\/keine-osttangente.de\/index.php?rest_route=\/wp\/v2\/types\/post"}],"author":[{"embeddable":true,"href":"https:\/\/keine-osttangente.de\/index.php?rest_route=\/wp\/v2\/users\/3"}],"replies":[{"embeddable":true,"href":"https:\/\/keine-osttangente.de\/index.php?rest_route=%2Fwp%2Fv2%2Fcomments&post=2619"}],"version-history":[{"count":16,"href":"https:\/\/keine-osttangente.de\/index.php?rest_route=\/wp\/v2\/posts\/2619\/revisions"}],"predecessor-version":[{"id":2638,"href":"https:\/\/keine-osttangente.de\/index.php?rest_route=\/wp\/v2\/posts\/2619\/revisions\/2638"}],"wp:attachment":[{"href":"https:\/\/keine-osttangente.de\/index.php?rest_route=%2Fwp%2Fv2%2Fmedia&parent=2619"}],"wp:term":[{"taxonomy":"category","embeddable":true,"href":"https:\/\/keine-osttangente.de\/index.php?rest_route=%2Fwp%2Fv2%2Fcategories&post=2619"},{"taxonomy":"post_tag","embeddable":true,"href":"https:\/\/keine-osttangente.de\/index.php?rest_route=%2Fwp%2Fv2%2Ftags&post=2619"}],"curies":[{"name":"wp","href":"https:\/\/api.w.org\/{rel}","templated":true}]}}