{"id":2569,"date":"2025-04-03T10:20:59","date_gmt":"2025-04-03T10:20:59","guid":{"rendered":"https:\/\/keine-osttangente.de\/?p=2569"},"modified":"2025-04-03T10:20:59","modified_gmt":"2025-04-03T10:20:59","slug":"grosse-mehrheit-in-bayern-will-auch-weiterhin-das-deutschlandticket","status":"publish","type":"post","link":"https:\/\/keine-osttangente.de\/?p=2569","title":{"rendered":"Grosse Mehrheit in Bayern will auch weiterhin das Deutschlandticket"},"content":{"rendered":"<p>Hier eine interessante Umfrage des\u00a0 B\u00fcndnisses &#8222;<a href=\"https:\/\/bayern.vdk.de\/sozialpolitik\/buendnisse-und-gremien\/buendnis-sozialvertraegliche-mobilitaetswende-bayern\/\" target=\"_blank\" rel=\"noopener\">Sozialvertr\u00e4gliche Mobilit\u00e4t in Bayern<\/a>&#8222;.<\/p>\n<p>Sie ergibt, dass die\u00a0 <a href=\"https:\/\/keine-osttangente.de\/wp-content\/uploads\/2025\/04\/PM_036-25_Umfrage-Deutschland-Ticket.pdf\" target=\"_blank\" rel=\"noopener\">Mehrheit in Bayern das Deutschlandticket fortsetzen m\u00f6chte.<\/a><\/p>\n","protected":false},"excerpt":{"rendered":"<p>Hier eine interessante Umfrage des\u00a0 B\u00fcndnisses &#8222;Sozialvertr\u00e4gliche Mobilit\u00e4t in Bayern&#8222;. Sie ergibt, dass die\u00a0 Mehrheit in Bayern das Deutschlandticket fortsetzen m\u00f6chte.<\/p>\n","protected":false},"author":3,"featured_media":0,"comment_status":"closed","ping_status":"closed","sticky":false,"template":"","format":"standard","meta":{"jetpack_post_was_ever_published":false,"_jetpack_newsletter_access":"","_jetpack_dont_email_post_to_subs":false,"_jetpack_newsletter_tier_id":0,"footnotes":"","jetpack_publicize_message":"","jetpack_publicize_feature_enabled":true,"jetpack_social_post_already_shared":true,"jetpack_social_options":{"image_generator_settings":{"template":"highway","enabled":false}}},"categories":[106],"tags":[199],"jetpack_publicize_connections":[],"jetpack_featured_media_url":"","jetpack_shortlink":"https:\/\/wp.me\/p8dGOP-Fr","jetpack-related-posts":[{"id":2550,"url":"https:\/\/keine-osttangente.de\/?p=2550","url_meta":{"origin":2569,"position":0},"title":"Breites B\u00fcndnis fordert Erhalt des Deutschlandtickets","author":"Wolfhard von Thienen","date":"13. Februar 2025","format":false,"excerpt":"F\u00fcr Unruhe hat die k\u00fcrzliche Forderung von Markus S\u00f6der gef\u00fchrt, dass die Bundesl\u00e4nder aus der Finanzierung des Deutschlandtickets aussteigen sollten. Dagegen hat sich ein breites B\u00fcndnis aus Naturschutzverb\u00e4nden, Gewerkschaften und Mobilit\u00e4tsverb\u00e4nden ausgesprochen. Lesen Sie hierzu die Pressemitteilung.","rel":"","context":"In &quot;Nachrichten zur Mobilit\u00e4t&quot;","block_context":{"text":"Nachrichten zur Mobilit\u00e4t","link":"https:\/\/keine-osttangente.de\/?cat=106"},"img":{"alt_text":"","src":"","width":0,"height":0},"classes":[]},{"id":2036,"url":"https:\/\/keine-osttangente.de\/?p=2036","url_meta":{"origin":2569,"position":1},"title":"Bayern ist trauriges Schlusslicht bei umweltfreundlicher Mobilit\u00e4t","author":"Wolfhard von Thienen","date":"30. Oktober 2020","format":false,"excerpt":"Eine umfangreiche Studie von \"Allianz pro Schiene\" nimmt der Bund Naturschutz Bayern zum Anlass, die bayerische Verkehrspolitik deutlich zu kritisieren. Hier die Presseerkl\u00e4rung des Bund Naturschutz: \u201eBayern braucht eine Verkehrswende. Klimaschutz, Verbesserung der Luftqualit\u00e4t, L\u00e4rmminderung und Fl\u00e4chensparen werden in der bayerischen Verkehrspolitik bisher nicht umgesetzt\u201c, kommentiert BN-Landesvorsitzender Richard Mergner die\u2026","rel":"","context":"In &quot;Nachrichten zur Mobilit\u00e4t&quot;","block_context":{"text":"Nachrichten zur Mobilit\u00e4t","link":"https:\/\/keine-osttangente.de\/?cat=106"},"img":{"alt_text":"","src":"https:\/\/i0.wp.com\/keine-osttangente.de\/wp-content\/uploads\/2020\/10\/BayernSchlusslichgt_2020-300x172.jpg?resize=350%2C200","width":350,"height":200,"srcset":"https:\/\/i0.wp.com\/keine-osttangente.de\/wp-content\/uploads\/2020\/10\/BayernSchlusslichgt_2020-300x172.jpg?resize=350%2C200 1x, https:\/\/i0.wp.com\/keine-osttangente.de\/wp-content\/uploads\/2020\/10\/BayernSchlusslichgt_2020-300x172.jpg?resize=525%2C300 1.5x"},"classes":[]},{"id":2333,"url":"https:\/\/keine-osttangente.de\/?p=2333","url_meta":{"origin":2569,"position":2},"title":"Studie: Stra\u00dfenbauprojekte in Bayern sind nicht komform mit Klimazielen","author":"Wolfhard von Thienen","date":"12. November 2022","format":false,"excerpt":"Es wurde vom Bund Naturschutz eine Kurzstudie\u00a0 bei RegioConsult in Auftrag gegeben, um anhand von drei Fallbeispielen aus Bayern\u00a0 zu untersuchen, inwiefern der Bundesverkehrswegeplan die Klimaschutzziele ausreichend ber\u00fccksichtigt. Diese Studie gilt auch als Basis f\u00fcr evtl. Klagen gegen Stra\u00dfenbauprojekte. Ergebnis ist, dass die Klimaschutzziele in erheblichem Ma\u00dfe nicht ber\u00fccksichtigt wurden.\u2026","rel":"","context":"In &quot;Nachrichten zur Mobilit\u00e4t&quot;","block_context":{"text":"Nachrichten zur Mobilit\u00e4t","link":"https:\/\/keine-osttangente.de\/?cat=106"},"img":{"alt_text":"","src":"","width":0,"height":0},"classes":[]},{"id":2164,"url":"https:\/\/keine-osttangente.de\/?p=2164","url_meta":{"origin":2569,"position":3},"title":"Radfahren in Aichach-Friedberg &#8211; das Radverkehrskonzept des Landkreises","author":"Wolfhard von Thienen","date":"21. April 2021","format":false,"excerpt":"Online-Vortrag von Wolfhard von Thienen\u00a0 am 4. Mai 2021, 19 - 21 Uhr Der Landkreis Aichach-Friedberg hat sich viel in Richtung Radverkehr vorgenommen. Dazu wurde ein zukunftsweisendes Radverkehrskonzept im Auftrag des Landkreises entwickelt. Leider liegt dieses Konzept bisher lediglich als recht umfangreiches technisches Dokument vor, das eher etwas f\u00fcr Fachleute\u2026","rel":"","context":"In &quot;Allgemein&quot;","block_context":{"text":"Allgemein","link":"https:\/\/keine-osttangente.de\/?cat=4"},"img":{"alt_text":"","src":"https:\/\/i0.wp.com\/keine-osttangente.de\/wp-content\/uploads\/2021\/04\/P1060193-300x225.jpg?resize=350%2C200","width":350,"height":200},"classes":[]},{"id":2378,"url":"https:\/\/keine-osttangente.de\/?p=2378","url_meta":{"origin":2569,"position":4},"title":"S\u00f6der will noch mehr Autobahnen und Bundesstra\u00dfen beschleunigen","author":"Wolfhard von Thienen","date":"21. April 2023","format":false,"excerpt":"In der Kabinettssitzung am 18.4.2023 hat die Staatsregierung beschlossen, dass zus\u00e4tzlich zu den von der Koalition in einem z\u00e4hen Kompromiss ausgehandelten Autobahnprojekten, in Bayern weitere Autobahnen und Bundesstra\u00dfen beschleunigt werden sollen. Hier zeigt sich wieder einmal, dass der Staatsregierung und der CSU Klimaschutz und Erhalt einer gesunden Umwelt nicht so\u2026","rel":"","context":"In &quot;Allgemein&quot;","block_context":{"text":"Allgemein","link":"https:\/\/keine-osttangente.de\/?cat=4"},"img":{"alt_text":"","src":"","width":0,"height":0},"classes":[]},{"id":2578,"url":"https:\/\/keine-osttangente.de\/?p=2578","url_meta":{"origin":2569,"position":5},"title":"Infobrief Nr. 9 Aktionsb\u00fcndnis Keine Osttangente A-KO","author":"Wolfhard von Thienen","date":"22. Juni 2025","format":false,"excerpt":"Infobrief Nr. 9 Aktionsb\u00fcndnis Keine Osttangente A-KO Juni 2025 Liebe Leserinnen und Leser, liebe an Informationen zur Osttangente und zu Alternativen dazu Interessierte, Sie erhalten hiermit den neunten Infobrief der Aktionsb\u00fcndnisses Keine Osttangente-AKO zur Osttangente und zu allgemeinen Mobilit\u00e4tsthemen. \u00dcber Anregungen, Lob aber auch Kritik freuen wir uns nat\u00fcrlich \u2013\u2026","rel":"","context":"In &quot;Nachrichten zur Mobilit\u00e4t&quot;","block_context":{"text":"Nachrichten zur Mobilit\u00e4t","link":"https:\/\/keine-osttangente.de\/?cat=106"},"img":{"alt_text":"","src":"","width":0,"height":0},"classes":[]}],"jetpack_likes_enabled":true,"jetpack_sharing_enabled":true,"_links":{"self":[{"href":"https:\/\/keine-osttangente.de\/index.php?rest_route=\/wp\/v2\/posts\/2569"}],"collection":[{"href":"https:\/\/keine-osttangente.de\/index.php?rest_route=\/wp\/v2\/posts"}],"about":[{"href":"https:\/\/keine-osttangente.de\/index.php?rest_route=\/wp\/v2\/types\/post"}],"author":[{"embeddable":true,"href":"https:\/\/keine-osttangente.de\/index.php?rest_route=\/wp\/v2\/users\/3"}],"replies":[{"embeddable":true,"href":"https:\/\/keine-osttangente.de\/index.php?rest_route=%2Fwp%2Fv2%2Fcomments&post=2569"}],"version-history":[{"count":4,"href":"https:\/\/keine-osttangente.de\/index.php?rest_route=\/wp\/v2\/posts\/2569\/revisions"}],"predecessor-version":[{"id":2574,"href":"https:\/\/keine-osttangente.de\/index.php?rest_route=\/wp\/v2\/posts\/2569\/revisions\/2574"}],"wp:attachment":[{"href":"https:\/\/keine-osttangente.de\/index.php?rest_route=%2Fwp%2Fv2%2Fmedia&parent=2569"}],"wp:term":[{"taxonomy":"category","embeddable":true,"href":"https:\/\/keine-osttangente.de\/index.php?rest_route=%2Fwp%2Fv2%2Fcategories&post=2569"},{"taxonomy":"post_tag","embeddable":true,"href":"https:\/\/keine-osttangente.de\/index.php?rest_route=%2Fwp%2Fv2%2Ftags&post=2569"}],"curies":[{"name":"wp","href":"https:\/\/api.w.org\/{rel}","templated":true}]}}