{"id":2563,"date":"2025-03-23T10:14:43","date_gmt":"2025-03-23T10:14:43","guid":{"rendered":"https:\/\/keine-osttangente.de\/?p=2563"},"modified":"2025-03-23T10:17:09","modified_gmt":"2025-03-23T10:17:09","slug":"aktuelle-verkehrsrechtliche-entscheidungen","status":"publish","type":"post","link":"https:\/\/keine-osttangente.de\/?p=2563","title":{"rendered":"Aktuelle verkehrsrechtliche Entscheidungen"},"content":{"rendered":"<p>Hier findet sich ein gut lesbarer Text zu aktuellen rechtlichen Entwicklungen im Verkehr mit vielen Hinweisen zur Umsetzung der Mobilit\u00e4tswende in unseren Kommunen.<\/p>\n<p><a href=\"https:\/\/keine-osttangente.de\/wp-content\/uploads\/2025\/03\/250225-ARL-Positionspapier-153-Aktuelle-verkehrsrechtliche-Entscheidungen.pdf\">250225 ARL Positionspapier 153 &#8211; Aktuelle verkehrsrechtliche Entscheidungen<\/a><\/p>\n","protected":false},"excerpt":{"rendered":"<p>Hier findet sich ein gut lesbarer Text zu aktuellen rechtlichen Entwicklungen im Verkehr mit vielen Hinweisen zur Umsetzung der Mobilit\u00e4tswende in unseren Kommunen. 250225 ARL Positionspapier 153 &#8211; Aktuelle verkehrsrechtliche Entscheidungen<\/p>\n","protected":false},"author":3,"featured_media":0,"comment_status":"closed","ping_status":"closed","sticky":false,"template":"","format":"standard","meta":{"jetpack_post_was_ever_published":false,"_jetpack_newsletter_access":"","_jetpack_dont_email_post_to_subs":false,"_jetpack_newsletter_tier_id":0,"footnotes":"","jetpack_publicize_message":"","jetpack_publicize_feature_enabled":true,"jetpack_social_post_already_shared":true,"jetpack_social_options":{"image_generator_settings":{"template":"highway","enabled":false}}},"categories":[106,107,153],"tags":[195,192],"jetpack_publicize_connections":[],"jetpack_featured_media_url":"","jetpack_shortlink":"https:\/\/wp.me\/p8dGOP-Fl","jetpack-related-posts":[{"id":1515,"url":"https:\/\/keine-osttangente.de\/?p=1515","url_meta":{"origin":2563,"position":0},"title":"Pro\/contra-Diskussion Honold-Ansiedlung bei Mering","author":"Wolfhard von Thienen","date":"22. M\u00e4rz 2018","format":false,"excerpt":"openPetition hat die Marktgemeinder\u00e4te angeschrieben mit der Bitte, Ihre Meinung zu unserem Anliegen zu dokumentieren. Einige haben geantwortet. Wir kommentieren hier laufend die Antworten und informieren deren Autoren. Sie k\u00f6nnen hier in die Diskussion mit uns einsteigen. 1. Es wird angemerkt, dass die Entscheidung pro Honold im Marktgemeinderat demokratisch getroffen\u2026","rel":"","context":"In &quot;Argumente&quot;","block_context":{"text":"Argumente","link":"https:\/\/keine-osttangente.de\/?cat=5"},"img":{"alt_text":"","src":"","width":0,"height":0},"classes":[]},{"id":1833,"url":"https:\/\/keine-osttangente.de\/?p=1833","url_meta":{"origin":2563,"position":1},"title":"Besuch in Pfaffenhofen","author":"Wolfhard von Thienen","date":"9. Dezember 2019","format":false,"excerpt":"Der Landesarbeitskreis Verkehr des BN besuchte am 30.11.2019 die Gemeinde Pfaffenhofen an der Ilm, um sich von B\u00fcrgermeister Herker die Vorhaben der Gemeinde zur Verkehrsregelung erl\u00e4utern zu lassen. Der Verein AKO war mit vier seiner Mitglieder dabei. Pfaffenhofen a.d.I. ist die Kreisstadt des Landkreises Pfaffenhofen, der an Ingolstadt mit Audi\u2026","rel":"","context":"In &quot;Neue Mobilit\u00e4tskonzepte&quot;","block_context":{"text":"Neue Mobilit\u00e4tskonzepte","link":"https:\/\/keine-osttangente.de\/?cat=107"},"img":{"alt_text":"","src":"","width":0,"height":0},"classes":[]},{"id":2096,"url":"https:\/\/keine-osttangente.de\/?p=2096","url_meta":{"origin":2563,"position":2},"title":"Gr\u00fcnes Dilemma beim Dannenr\u00f6der Forst","author":"Wolfhard von Thienen","date":"22. Februar 2021","format":false,"excerpt":"Gr\u00fcnes Dilemma beim Dannenr\u00f6der Forst Wir haben seitens AKO sehr viel Unterst\u00fctzung durch Gr\u00fcne Spitzenpolitiker und Politikerinnen erhalten. Viele von ihnen wie Toni Hofreiter, Claudia Roth, Katrin G\u00f6ring-Eckhard, Robert Habeck, Ludwig Hartmann waren vor Ort und sicherten uns ihre Unterst\u00fctzung zu. Es ist heuer auch nicht ganz unwahrscheinlich, dass die\u2026","rel":"","context":"In &quot;Nachrichten zur Mobilit\u00e4t&quot;","block_context":{"text":"Nachrichten zur Mobilit\u00e4t","link":"https:\/\/keine-osttangente.de\/?cat=106"},"img":{"alt_text":"","src":"","width":0,"height":0},"classes":[]},{"id":2578,"url":"https:\/\/keine-osttangente.de\/?p=2578","url_meta":{"origin":2563,"position":3},"title":"Infobrief Nr. 9 Aktionsb\u00fcndnis Keine Osttangente A-KO","author":"Wolfhard von Thienen","date":"22. Juni 2025","format":false,"excerpt":"Infobrief Nr. 9 Aktionsb\u00fcndnis Keine Osttangente A-KO Juni 2025 Liebe Leserinnen und Leser, liebe an Informationen zur Osttangente und zu Alternativen dazu Interessierte, Sie erhalten hiermit den neunten Infobrief der Aktionsb\u00fcndnisses Keine Osttangente-AKO zur Osttangente und zu allgemeinen Mobilit\u00e4tsthemen. \u00dcber Anregungen, Lob aber auch Kritik freuen wir uns nat\u00fcrlich \u2013\u2026","rel":"","context":"In &quot;Nachrichten zur Mobilit\u00e4t&quot;","block_context":{"text":"Nachrichten zur Mobilit\u00e4t","link":"https:\/\/keine-osttangente.de\/?cat=106"},"img":{"alt_text":"","src":"","width":0,"height":0},"classes":[]},{"id":445,"url":"https:\/\/keine-osttangente.de\/?p=445","url_meta":{"origin":2563,"position":4},"title":"Radl-Sternfahrt verschoben","author":"Admin","date":"19. Juni 2015","format":"aside","excerpt":"Aktuelle Information Die Radl-Sternfahrt zum Weitmannsee wird wegen der unstabilen Wetterlage auf den 27.6.2015 verschoben. Abfahrtzeiten und Abfahrtsorte bleiben unver\u00e4ndert.","rel":"","context":"In &quot;Allgemein&quot;","block_context":{"text":"Allgemein","link":"https:\/\/keine-osttangente.de\/?cat=4"},"img":{"alt_text":"","src":"","width":0,"height":0},"classes":[]},{"id":1909,"url":"https:\/\/keine-osttangente.de\/?p=1909","url_meta":{"origin":2563,"position":5},"title":"Kommunalwahl 2020 &#8211; Andreas Santa","author":"Wolfhard von Thienen","date":"11. Februar 2020","format":false,"excerpt":"Andreas Santa, Landratskandidat, SPD Sind Sie f\u00fcr oder gegen die Osttangente, so wie sie im Bundesverkehrswegeplan definiert ist? Ich bin gegen die Osttangente, wie sie aktuell im BVWP steht. Zum einen, weil gr\u00f6\u00dfere\/breitere Stra\u00dfen noch mehr Verkehr bedeuten. Zum anderen, weil ich eine Gef\u00e4hrdung und einen Qualit\u00e4tsverlust sowohl der Naherholungs-\u2026","rel":"","context":"In &quot;Allgemein&quot;","block_context":{"text":"Allgemein","link":"https:\/\/keine-osttangente.de\/?cat=4"},"img":{"alt_text":"","src":"","width":0,"height":0},"classes":[]}],"jetpack_likes_enabled":true,"jetpack_sharing_enabled":true,"_links":{"self":[{"href":"https:\/\/keine-osttangente.de\/index.php?rest_route=\/wp\/v2\/posts\/2563"}],"collection":[{"href":"https:\/\/keine-osttangente.de\/index.php?rest_route=\/wp\/v2\/posts"}],"about":[{"href":"https:\/\/keine-osttangente.de\/index.php?rest_route=\/wp\/v2\/types\/post"}],"author":[{"embeddable":true,"href":"https:\/\/keine-osttangente.de\/index.php?rest_route=\/wp\/v2\/users\/3"}],"replies":[{"embeddable":true,"href":"https:\/\/keine-osttangente.de\/index.php?rest_route=%2Fwp%2Fv2%2Fcomments&post=2563"}],"version-history":[{"count":2,"href":"https:\/\/keine-osttangente.de\/index.php?rest_route=\/wp\/v2\/posts\/2563\/revisions"}],"predecessor-version":[{"id":2566,"href":"https:\/\/keine-osttangente.de\/index.php?rest_route=\/wp\/v2\/posts\/2563\/revisions\/2566"}],"wp:attachment":[{"href":"https:\/\/keine-osttangente.de\/index.php?rest_route=%2Fwp%2Fv2%2Fmedia&parent=2563"}],"wp:term":[{"taxonomy":"category","embeddable":true,"href":"https:\/\/keine-osttangente.de\/index.php?rest_route=%2Fwp%2Fv2%2Fcategories&post=2563"},{"taxonomy":"post_tag","embeddable":true,"href":"https:\/\/keine-osttangente.de\/index.php?rest_route=%2Fwp%2Fv2%2Ftags&post=2563"}],"curies":[{"name":"wp","href":"https:\/\/api.w.org\/{rel}","templated":true}]}}