{"id":2539,"date":"2025-01-02T13:02:13","date_gmt":"2025-01-02T13:02:13","guid":{"rendered":"https:\/\/keine-osttangente.de\/?p=2539"},"modified":"2025-01-02T13:02:13","modified_gmt":"2025-01-02T13:02:13","slug":"einladung-mobilitaetspolitik-der-gruenen-mit-ako","status":"publish","type":"post","link":"https:\/\/keine-osttangente.de\/?p=2539","title":{"rendered":"Einladung Mobilit\u00e4tspolitik der Gr\u00fcnen mit AKO"},"content":{"rendered":"<blockquote><p><img loading=\"lazy\" decoding=\"async\" data-attachment-id=\"2541\" data-permalink=\"https:\/\/keine-osttangente.de\/?attachment_id=2541\" data-orig-file=\"https:\/\/i0.wp.com\/keine-osttangente.de\/wp-content\/uploads\/2025\/01\/GRUENE_Plakat_Verkehr_V2-Seite001.png?fit=701%2C993&amp;ssl=1\" data-orig-size=\"701,993\" data-comments-opened=\"0\" data-image-meta=\"{&quot;aperture&quot;:&quot;0&quot;,&quot;credit&quot;:&quot;&quot;,&quot;camera&quot;:&quot;&quot;,&quot;caption&quot;:&quot;&quot;,&quot;created_timestamp&quot;:&quot;0&quot;,&quot;copyright&quot;:&quot;&quot;,&quot;focal_length&quot;:&quot;0&quot;,&quot;iso&quot;:&quot;0&quot;,&quot;shutter_speed&quot;:&quot;0&quot;,&quot;title&quot;:&quot;&quot;,&quot;orientation&quot;:&quot;0&quot;}\" data-image-title=\"GRUENE_Plakat_Verkehr_V2-Seite001\" data-image-description=\"\" data-image-caption=\"\" data-medium-file=\"https:\/\/i0.wp.com\/keine-osttangente.de\/wp-content\/uploads\/2025\/01\/GRUENE_Plakat_Verkehr_V2-Seite001.png?fit=212%2C300&amp;ssl=1\" data-large-file=\"https:\/\/i0.wp.com\/keine-osttangente.de\/wp-content\/uploads\/2025\/01\/GRUENE_Plakat_Verkehr_V2-Seite001.png?fit=474%2C671&amp;ssl=1\" class=\"alignnone  wp-image-2541\" src=\"https:\/\/i0.wp.com\/keine-osttangente.de\/wp-content\/uploads\/2025\/01\/GRUENE_Plakat_Verkehr_V2-Seite001.png?resize=325%2C460&#038;ssl=1\" alt=\"\" width=\"325\" height=\"460\" srcset=\"https:\/\/i0.wp.com\/keine-osttangente.de\/wp-content\/uploads\/2025\/01\/GRUENE_Plakat_Verkehr_V2-Seite001.png?resize=212%2C300&amp;ssl=1 212w, https:\/\/i0.wp.com\/keine-osttangente.de\/wp-content\/uploads\/2025\/01\/GRUENE_Plakat_Verkehr_V2-Seite001.png?w=701&amp;ssl=1 701w\" sizes=\"(max-width: 325px) 100vw, 325px\" data-recalc-dims=\"1\" \/><\/p>\n<p>&nbsp;<\/p>\n<p><span style=\"color: #000000;\"><em>Einladung zu einer Info-Veranstaltung der Gr\u00fcnen zum Thema Mobilit\u00e4t in Kissing. Markus B\u00fcchler ist verkehrspolitischer Sprecher der Gr\u00fcnen Landtagsfraktion und ein hervorragender Kenner der Materie. Er hat uns schon vor Ort beim Widerstand gegen die Osttangente unterst\u00fctzt.<\/em><\/span><\/p>\n<p><strong><span style=\"color: #000000;\"><em>Unser Gr\u00fcndungsmitglied und Beirat Josef Metzger wird zum Thema Osttangente \u00a0berichten.<\/em><\/span><\/strong><\/p><\/blockquote>\n","protected":false},"excerpt":{"rendered":"<p>&nbsp; Einladung zu einer Info-Veranstaltung der Gr\u00fcnen zum Thema Mobilit\u00e4t in Kissing. Markus B\u00fcchler ist verkehrspolitischer Sprecher der Gr\u00fcnen Landtagsfraktion und ein hervorragender Kenner der Materie. Er hat uns schon vor Ort beim Widerstand gegen die Osttangente unterst\u00fctzt. Unser Gr\u00fcndungsmitglied und Beirat Josef Metzger wird zum Thema Osttangente \u00a0berichten.<\/p>\n","protected":false},"author":3,"featured_media":0,"comment_status":"closed","ping_status":"closed","sticky":false,"template":"","format":"standard","meta":{"jetpack_post_was_ever_published":false,"_jetpack_newsletter_access":"","_jetpack_dont_email_post_to_subs":false,"_jetpack_newsletter_tier_id":0,"footnotes":"","jetpack_publicize_message":"","jetpack_publicize_feature_enabled":true,"jetpack_social_post_already_shared":true,"jetpack_social_options":{"image_generator_settings":{"template":"highway","enabled":false}}},"categories":[4,106,153,88],"tags":[],"jetpack_publicize_connections":[],"jetpack_featured_media_url":"","jetpack_shortlink":"https:\/\/wp.me\/p8dGOP-EX","jetpack-related-posts":[{"id":2120,"url":"https:\/\/keine-osttangente.de\/?p=2120","url_meta":{"origin":2539,"position":0},"title":"Wunder Wasserstoff?","author":"Wolfhard von Thienen","date":"17. M\u00e4rz 2021","format":false,"excerpt":"Im Rahmen unserer Veranstaltungsserie zum Thema Mobilit\u00e4t laden wir herzlich zum Online-Vortrag von Rudolf Kaiserswerth \u00fcber die Wasserstofftechnologie ein Zoom-Meeting https:\/\/us02web.zoom.us\/j\/86947693474?pwd=dTZpUVNRejQwUnFReFpUQy9rR3Qvdz09 Meeting-ID: 869 4769 3474 Kenncode: 959632 Dienstag, 30. M\u00e4rz 2021, 19 Uhr Das Thema Wasserstoff ist immer wieder in den Medien und wird teilweise sehr emotional und kontrovers diskutiert.\u2026","rel":"","context":"In &quot;Allgemein&quot;","block_context":{"text":"Allgemein","link":"https:\/\/keine-osttangente.de\/?cat=4"},"img":{"alt_text":"","src":"","width":0,"height":0},"classes":[]},{"id":1779,"url":"https:\/\/keine-osttangente.de\/?p=1779","url_meta":{"origin":2539,"position":1},"title":"Besuch des verkehrpolitischen Sprechers der Gr\u00fcnen Landtagsfraktion Markus B\u00fcchler","author":"Wolfhard von Thienen","date":"26. Oktober 2019","format":"image","excerpt":"Es hat schon fast Tradition, dass wichtige politische Entscheidungstr\u00e4ger von B\u00fcndnis 90\/Die Gr\u00fcnen uns besuchen, sich \u00fcber die Osttangente vor Ort informieren und uns unterst\u00fctzen. Diesmal kam der neue verkehrspolitische Sprecher der Landtagsfraktion von B\u00fcndnis 90\/Die Gr\u00fcnen, Markus B\u00fcchler.\u00a0 Begleitet wurde er von seinen Landtagskolleginnen und -kollegen aus der Region,\u2026","rel":"","context":"In &quot;Allgemein&quot;","block_context":{"text":"Allgemein","link":"https:\/\/keine-osttangente.de\/?cat=4"},"img":{"alt_text":"","src":"https:\/\/i0.wp.com\/keine-osttangente.de\/wp-content\/uploads\/2019\/10\/100MSD-DSC01889_DSC01889-300x225.jpg?resize=350%2C200","width":350,"height":200},"classes":[]},{"id":1626,"url":"https:\/\/keine-osttangente.de\/?p=1626","url_meta":{"origin":2539,"position":2},"title":"Hans Well kommt mit seinen Wellbappn am 12. Oktober nach Mering","author":"Wolfhard von Thienen","date":"20. September 2018","format":false,"excerpt":"Hans Well kommt mit seinen Wellbappn nach Mering Nach dem Auftritt von Haindling kommt in diesem Jahr mit Hans Well und seinen Wellbappn eine weitere bayerische Kultband nach Mering. Sie \u201ehaben sich mittlerweile als erfolgreiche und ernstzunehmende Nachfolger der Bierm\u00f6sl Blosn, jener legend\u00e4ren Kabarett- und Musik-Band, etabliert\u201c schrieb k\u00fcrzlich die\u2026","rel":"","context":"In &quot;Veranstaltung&quot;","block_context":{"text":"Veranstaltung","link":"https:\/\/keine-osttangente.de\/?cat=88"},"img":{"alt_text":"","src":"https:\/\/i0.wp.com\/keine-osttangente.de\/wp-content\/uploads\/2018\/09\/Wellbappn2018-214x300.jpg?resize=350%2C200","width":350,"height":200},"classes":[]},{"id":1918,"url":"https:\/\/keine-osttangente.de\/?p=1918","url_meta":{"origin":2539,"position":3},"title":"Presseerkl\u00e4rung zu Kommunalwahl 2020","author":"Wolfhard von Thienen","date":"11. Februar 2020","format":false,"excerpt":"Presseerkl\u00e4rung AKO-Alternative Konzepte f\u00fcr Mobilit\u00e4t e.V. Osttangente und Mobilit\u00e4t \u2013 Wo stehen die Kandidaten in der Kommunalwahl 2020? Zweifellos, sie ist das gr\u00f6\u00dfte verkehrspolitische Vorhaben in unserer Region, die Osttangente. Diese autobahn\u00e4hnliche \u00fcberregionale Schnellstra\u00dfe wird gerade mit Hochdruck vom staatlichen Bauamt zwischen der B17 bei K\u00f6nigsbrunn und der A8 bei\u2026","rel":"","context":"In &quot;Politik&quot;","block_context":{"text":"Politik","link":"https:\/\/keine-osttangente.de\/?cat=153"},"img":{"alt_text":"","src":"","width":0,"height":0},"classes":[]},{"id":2096,"url":"https:\/\/keine-osttangente.de\/?p=2096","url_meta":{"origin":2539,"position":4},"title":"Gr\u00fcnes Dilemma beim Dannenr\u00f6der Forst","author":"Wolfhard von Thienen","date":"22. Februar 2021","format":false,"excerpt":"Gr\u00fcnes Dilemma beim Dannenr\u00f6der Forst Wir haben seitens AKO sehr viel Unterst\u00fctzung durch Gr\u00fcne Spitzenpolitiker und Politikerinnen erhalten. Viele von ihnen wie Toni Hofreiter, Claudia Roth, Katrin G\u00f6ring-Eckhard, Robert Habeck, Ludwig Hartmann waren vor Ort und sicherten uns ihre Unterst\u00fctzung zu. Es ist heuer auch nicht ganz unwahrscheinlich, dass die\u2026","rel":"","context":"In &quot;Nachrichten zur Mobilit\u00e4t&quot;","block_context":{"text":"Nachrichten zur Mobilit\u00e4t","link":"https:\/\/keine-osttangente.de\/?cat=106"},"img":{"alt_text":"","src":"","width":0,"height":0},"classes":[]},{"id":2578,"url":"https:\/\/keine-osttangente.de\/?p=2578","url_meta":{"origin":2539,"position":5},"title":"Infobrief Nr. 9 Aktionsb\u00fcndnis Keine Osttangente A-KO","author":"Wolfhard von Thienen","date":"22. Juni 2025","format":false,"excerpt":"Infobrief Nr. 9 Aktionsb\u00fcndnis Keine Osttangente A-KO Juni 2025 Liebe Leserinnen und Leser, liebe an Informationen zur Osttangente und zu Alternativen dazu Interessierte, Sie erhalten hiermit den neunten Infobrief der Aktionsb\u00fcndnisses Keine Osttangente-AKO zur Osttangente und zu allgemeinen Mobilit\u00e4tsthemen. \u00dcber Anregungen, Lob aber auch Kritik freuen wir uns nat\u00fcrlich \u2013\u2026","rel":"","context":"In &quot;Nachrichten zur Mobilit\u00e4t&quot;","block_context":{"text":"Nachrichten zur Mobilit\u00e4t","link":"https:\/\/keine-osttangente.de\/?cat=106"},"img":{"alt_text":"","src":"","width":0,"height":0},"classes":[]}],"jetpack_likes_enabled":true,"jetpack_sharing_enabled":true,"_links":{"self":[{"href":"https:\/\/keine-osttangente.de\/index.php?rest_route=\/wp\/v2\/posts\/2539"}],"collection":[{"href":"https:\/\/keine-osttangente.de\/index.php?rest_route=\/wp\/v2\/posts"}],"about":[{"href":"https:\/\/keine-osttangente.de\/index.php?rest_route=\/wp\/v2\/types\/post"}],"author":[{"embeddable":true,"href":"https:\/\/keine-osttangente.de\/index.php?rest_route=\/wp\/v2\/users\/3"}],"replies":[{"embeddable":true,"href":"https:\/\/keine-osttangente.de\/index.php?rest_route=%2Fwp%2Fv2%2Fcomments&post=2539"}],"version-history":[{"count":2,"href":"https:\/\/keine-osttangente.de\/index.php?rest_route=\/wp\/v2\/posts\/2539\/revisions"}],"predecessor-version":[{"id":2542,"href":"https:\/\/keine-osttangente.de\/index.php?rest_route=\/wp\/v2\/posts\/2539\/revisions\/2542"}],"wp:attachment":[{"href":"https:\/\/keine-osttangente.de\/index.php?rest_route=%2Fwp%2Fv2%2Fmedia&parent=2539"}],"wp:term":[{"taxonomy":"category","embeddable":true,"href":"https:\/\/keine-osttangente.de\/index.php?rest_route=%2Fwp%2Fv2%2Fcategories&post=2539"},{"taxonomy":"post_tag","embeddable":true,"href":"https:\/\/keine-osttangente.de\/index.php?rest_route=%2Fwp%2Fv2%2Ftags&post=2539"}],"curies":[{"name":"wp","href":"https:\/\/api.w.org\/{rel}","templated":true}]}}