{"id":2467,"date":"2024-11-06T09:47:23","date_gmt":"2024-11-06T09:47:23","guid":{"rendered":"https:\/\/keine-osttangente.de\/?p=2467"},"modified":"2024-11-06T09:47:23","modified_gmt":"2024-11-06T09:47:23","slug":"petition-an-den-bundestag-zum-bundesverkehrswegeplan","status":"publish","type":"post","link":"https:\/\/keine-osttangente.de\/?p=2467","title":{"rendered":"Petition an den Bundestag zum Bundesverkehrswegeplan"},"content":{"rendered":"<p><a href=\"https:\/\/epetitionen.bundestag.de\/petitionen\/_2024\/_10\/_17\/Petition_173482.%24%24%24.a.u.html\">https:\/\/epetitionen.bundestag.de\/petitionen\/_2024\/_10\/_17\/Petition_173482.%24%24%24.a.u.html<\/a><\/p>\n<p>Unser benachbarter Landkreis ist durch Ausbaupl\u00e4ne der B2 zwischen Mering und F\u00fcrstenfeldbruck im Bundesverkehrswegeplan massiv betroffen &#8211; genauso wie wir \u00a0mit der Osttangente. Hinzu kommt, dass laut Staatlichem Bauamt die Osttangente der \u201eErt\u00fcchtigung der B2\u201c zwischen Mering und der A8 dient. Damit ergibt sich dann eine \u00fcberregionale Achse A8 \u2013 Mering \u2013 F\u00fcrstenfeldbruck. Diese Achse wird weiteren Verkehr in unsere Region bringen.<\/p>\n<p>Die Kreisgruppe F\u00fcrstenfeldbruck des Bund Naturschutz hat daher eine Petition an den Bundestag gestartet, den Bundesverkehrswegeplan in Bezug auf nationale und internationale Klima- und Naturschutzziele anzupassen und vorwiegend in den Erhalt der Stra\u00dfen-, Br\u00fccken- und Schieneninfrastruktur zu investieren.<\/p>\n<p><strong>BITTE UNTERST\u00dcTZT DIESE PETITION!<\/strong><\/p>\n<p><strong>Bitte den Link auch in eurem Umfeld teilen.<\/strong><\/p>\n","protected":false},"excerpt":{"rendered":"<p>https:\/\/epetitionen.bundestag.de\/petitionen\/_2024\/_10\/_17\/Petition_173482.%24%24%24.a.u.html Unser benachbarter Landkreis ist durch Ausbaupl\u00e4ne der B2 zwischen Mering und F\u00fcrstenfeldbruck im Bundesverkehrswegeplan massiv betroffen &#8211; genauso wie wir \u00a0mit der Osttangente. Hinzu kommt, dass laut Staatlichem Bauamt die Osttangente der \u201eErt\u00fcchtigung der B2\u201c zwischen Mering und der A8 dient. Damit ergibt sich dann eine \u00fcberregionale Achse A8 \u2013 Mering \u2013 F\u00fcrstenfeldbruck. Diese &hellip; <a href=\"https:\/\/keine-osttangente.de\/?p=2467\" class=\"more-link\"><span class=\"screen-reader-text\">Petition an den Bundestag zum Bundesverkehrswegeplan<\/span> weiterlesen <span class=\"meta-nav\">&rarr;<\/span><\/a><\/p>\n","protected":false},"author":3,"featured_media":0,"comment_status":"closed","ping_status":"closed","sticky":false,"template":"","format":"standard","meta":{"jetpack_post_was_ever_published":false,"_jetpack_newsletter_access":"","_jetpack_dont_email_post_to_subs":false,"_jetpack_newsletter_tier_id":0,"footnotes":"","jetpack_publicize_message":"","jetpack_publicize_feature_enabled":true,"jetpack_social_post_already_shared":true,"jetpack_social_options":{"image_generator_settings":{"template":"highway","enabled":false}}},"categories":[4],"tags":[56,73],"jetpack_publicize_connections":[],"jetpack_featured_media_url":"","jetpack_shortlink":"https:\/\/wp.me\/p8dGOP-DN","jetpack-related-posts":[{"id":1884,"url":"https:\/\/keine-osttangente.de\/?p=1884","url_meta":{"origin":2467,"position":0},"title":"Kommunalwahl 2020 &#8211; Petra von Thienen","author":"Wolfhard von Thienen","date":"11. Februar 2020","format":false,"excerpt":"Petra von Thienen, B\u00fcrgermeisterkandidatin Mering, B\u00fcndnis 90\/Die Gr\u00fcnen Sind Sie f\u00fcr oder gegen die Osttangente, so wie sie im Bundesverkehrswegeplan definiert ist? Ich bin eine ganz klare Gegnerin der Osttangente, weil uns diese als Bundesstra\u00dfe getarnte Autobahn nur schaden wird. Sie wird uns in Mering Lebensqualit\u00e4t kosten, wertvolle Natur wird\u2026","rel":"","context":"In &quot;Allgemein&quot;","block_context":{"text":"Allgemein","link":"https:\/\/keine-osttangente.de\/?cat=4"},"img":{"alt_text":"","src":"","width":0,"height":0},"classes":[]},{"id":780,"url":"https:\/\/keine-osttangente.de\/?p=780","url_meta":{"origin":2467,"position":1},"title":"Presseerkl\u00e4rung des Aktionsb\u00fcndnissses zum Bundesverkehrswegeplan 2030","author":"Wolfhard von Thienen","date":"17. M\u00e4rz 2016","format":false,"excerpt":"Presseerkl\u00e4rung A-KO zur geplanten Osttangent, 16.4.2016 Das Bundesverkehrsministerium hat heute bekanntgegeben, dass die Osttangente als vierspurige, autobahn\u00e4hnliche Bundesstra\u00dfe in den Bundesverkehrswegeplan aufgenommen wurde. Damit ist beschlossen, dass diese Stra\u00dfe bis zum Jahr 2030 durch unsere Region in ganzer L\u00e4nge gebaut werden soll. Alle Beschwichtigungsversuche der lokalen Politiker von CSU und\u2026","rel":"","context":"In &quot;Presse&quot;","block_context":{"text":"Presse","link":"https:\/\/keine-osttangente.de\/?cat=42"},"img":{"alt_text":"","src":"","width":0,"height":0},"classes":[]},{"id":2382,"url":"https:\/\/keine-osttangente.de\/?p=2382","url_meta":{"origin":2467,"position":2},"title":"Osttangente \u2013 Planungen werden extern vergeben","author":"Wolfhard von Thienen","date":"27. April 2023","format":false,"excerpt":"In einem Telefonat mit dem Staatlichen Bauamt Augsburg konnte das Aktionsb\u00fcndnis Keine Osttangente erfahren, wie die n\u00e4chsten Schritte bei der Planung der Osttangente aussehen. Die Osttangente ist eine Bundesschnellstra\u00dfe, die zwischen Oberottmarshausen bei K\u00f6nigsbrunn und Derching bei Friedberg zwischen B17 und A8 gebaut werden soll. Sie ist im Bundesverkehrswegeplan im\u2026","rel":"","context":"In &quot;Allgemein&quot;","block_context":{"text":"Allgemein","link":"https:\/\/keine-osttangente.de\/?cat=4"},"img":{"alt_text":"","src":"","width":0,"height":0},"classes":[]},{"id":691,"url":"https:\/\/keine-osttangente.de\/?p=691","url_meta":{"origin":2467,"position":3},"title":"Erkl\u00e4rung zum Beschluss des Margtgemeinderates Mering zur Ortsumfahrung Kissing vom 19.11.2015","author":"Wolfhard von Thienen","date":"24. November 2015","format":false,"excerpt":"Folgende Erkl\u00e4rung wurde beim letzten Organisationstreffen beschlossen, um dem Eindruck entgegen zu wirken, die Region sei einhellig f\u00fcr die Osttangente. Stellungnahme des Aktionsb\u00fcndnisses Keine Osttangente zum Beschluss des Meringer Marktgemeinderates zur Ortsumfahrung Kissing vom 19.11.2015 \u00a0 Seitens des Meringer Marktgemeinderates liegen jetzt zwei Beschl\u00fcsse vor, die sich im Zusammenhang mit\u2026","rel":"","context":"In &quot;Allgemein&quot;","block_context":{"text":"Allgemein","link":"https:\/\/keine-osttangente.de\/?cat=4"},"img":{"alt_text":"","src":"","width":0,"height":0},"classes":[]},{"id":2201,"url":"https:\/\/keine-osttangente.de\/?p=2201","url_meta":{"origin":2467,"position":4},"title":"Presseerkl\u00e4rung zu den Neuplanungen nach Treffen mit dem Staatlichen Bauamt","author":"Wolfhard von Thienen","date":"7. Juli 2021","format":false,"excerpt":"\u00a0 Mering, den 7. Juli 2021 Das Staatliche Bauamt hat uns bei unserem k\u00fcrzlichen Besuch best\u00e4tigt, dass es keine Entlastung der B17 in Augsburg geben kann und das Ziel der Osttangente nicht realisiert werden kann \u2013 selbst wenn die Osttangente vierspurig in voller L\u00e4nge gebaut werden w\u00fcrde. Es wird auch\u2026","rel":"","context":"In &quot;Allgemein&quot;","block_context":{"text":"Allgemein","link":"https:\/\/keine-osttangente.de\/?cat=4"},"img":{"alt_text":"","src":"","width":0,"height":0},"classes":[]},{"id":1895,"url":"https:\/\/keine-osttangente.de\/?p=1895","url_meta":{"origin":2467,"position":5},"title":"Kommunalwahl 2020 &#8211; Florian Mayer","author":"Wolfhard von Thienen","date":"11. Februar 2020","format":false,"excerpt":"Florian Mayer, B\u00fcrgermeisterkandidat Mering, CSU Sind Sie f\u00fcr oder gegen die Osttangente, so wie sie im Bundesverkehrswegeplan definiert ist? Im Bundesverkehrswegeplan ist die Osttangente als autobahn\u00e4hnliche Umfahrung von Augsburg zur Entlastung der Bundesstra\u00dfe 17 mit \u00fcberregionalen Zielsetzungen definiert. F\u00fcr Mering \u00fcberwiegen hier klar die Nachteile, weshalb ich diese Ma\u00dfnahme ablehne.\u2026","rel":"","context":"In &quot;Allgemein&quot;","block_context":{"text":"Allgemein","link":"https:\/\/keine-osttangente.de\/?cat=4"},"img":{"alt_text":"","src":"","width":0,"height":0},"classes":[]}],"jetpack_likes_enabled":true,"jetpack_sharing_enabled":true,"_links":{"self":[{"href":"https:\/\/keine-osttangente.de\/index.php?rest_route=\/wp\/v2\/posts\/2467"}],"collection":[{"href":"https:\/\/keine-osttangente.de\/index.php?rest_route=\/wp\/v2\/posts"}],"about":[{"href":"https:\/\/keine-osttangente.de\/index.php?rest_route=\/wp\/v2\/types\/post"}],"author":[{"embeddable":true,"href":"https:\/\/keine-osttangente.de\/index.php?rest_route=\/wp\/v2\/users\/3"}],"replies":[{"embeddable":true,"href":"https:\/\/keine-osttangente.de\/index.php?rest_route=%2Fwp%2Fv2%2Fcomments&post=2467"}],"version-history":[{"count":3,"href":"https:\/\/keine-osttangente.de\/index.php?rest_route=\/wp\/v2\/posts\/2467\/revisions"}],"predecessor-version":[{"id":2470,"href":"https:\/\/keine-osttangente.de\/index.php?rest_route=\/wp\/v2\/posts\/2467\/revisions\/2470"}],"wp:attachment":[{"href":"https:\/\/keine-osttangente.de\/index.php?rest_route=%2Fwp%2Fv2%2Fmedia&parent=2467"}],"wp:term":[{"taxonomy":"category","embeddable":true,"href":"https:\/\/keine-osttangente.de\/index.php?rest_route=%2Fwp%2Fv2%2Fcategories&post=2467"},{"taxonomy":"post_tag","embeddable":true,"href":"https:\/\/keine-osttangente.de\/index.php?rest_route=%2Fwp%2Fv2%2Ftags&post=2467"}],"curies":[{"name":"wp","href":"https:\/\/api.w.org\/{rel}","templated":true}]}}