{"id":2388,"date":"2023-07-06T09:59:48","date_gmt":"2023-07-06T09:59:48","guid":{"rendered":"https:\/\/keine-osttangente.de\/?p=2388"},"modified":"2023-07-06T09:59:48","modified_gmt":"2023-07-06T09:59:48","slug":"stadtrat-koenigsbrunn-bestaetigt-ablehnung-der-osttangente","status":"publish","type":"post","link":"https:\/\/keine-osttangente.de\/?p=2388","title":{"rendered":"Stadtrat K\u00f6nigsbrunn best\u00e4tigt Ablehnung der Osttangente"},"content":{"rendered":"<p>Unser Mitglied Manfred Schmidt hat bei den K\u00f6nigsbrunner &#8222;Gespr\u00e4che mit dem Stadtrat&#8220; im Mai 2023 wegen Osttangente nachgefragt. Beiliegende <a href=\"https:\/\/keine-osttangente.de\/wp-content\/uploads\/2023\/07\/Stadtrat_Kbr_2023.pdf\">Antwort<\/a> best\u00e4tigt, dass der K\u00f6nigsbrunner Stadtrat nach wie vor die Osttangente &#8222;kritisch&#8220; sieht.<\/p>\n","protected":false},"excerpt":{"rendered":"<p>Unser Mitglied Manfred Schmidt hat bei den K\u00f6nigsbrunner &#8222;Gespr\u00e4che mit dem Stadtrat&#8220; im Mai 2023 wegen Osttangente nachgefragt. Beiliegende Antwort best\u00e4tigt, dass der K\u00f6nigsbrunner Stadtrat nach wie vor die Osttangente &#8222;kritisch&#8220; sieht.<\/p>\n","protected":false},"author":3,"featured_media":0,"comment_status":"closed","ping_status":"closed","sticky":false,"template":"","format":"aside","meta":{"jetpack_post_was_ever_published":false,"_jetpack_newsletter_access":"","_jetpack_dont_email_post_to_subs":false,"_jetpack_newsletter_tier_id":0,"footnotes":"","jetpack_publicize_message":"","jetpack_publicize_feature_enabled":true,"jetpack_social_post_already_shared":true,"jetpack_social_options":{"image_generator_settings":{"template":"highway","enabled":false}}},"categories":[153],"tags":[187],"jetpack_publicize_connections":[],"jetpack_featured_media_url":"","jetpack_shortlink":"https:\/\/wp.me\/p8dGOP-Cw","jetpack-related-posts":[{"id":1180,"url":"https:\/\/keine-osttangente.de\/?p=1180","url_meta":{"origin":2388,"position":0},"title":"29.04.2016  Stadtzeitung Online K\u00f6nigsbrunn","author":"Admin","date":"29. April 2016","format":"quote","excerpt":"29.04.2016\u00a0 Stadtzeitung Online K\u00f6nigsbrunn \u00dcber 500 K\u00f6nigsbrunner Einspr\u00fcche gegen die Osttangente reisen nach Berlin","rel":"","context":"In &quot;Presse&quot;","block_context":{"text":"Presse","link":"https:\/\/keine-osttangente.de\/?cat=42"},"img":{"alt_text":"","src":"","width":0,"height":0},"classes":[]},{"id":1172,"url":"https:\/\/keine-osttangente.de\/?p=1172","url_meta":{"origin":2388,"position":1},"title":"02.05.2016 Stadtzeitung Online K\u00f6nigsbrunn","author":"Admin","date":"2. Mai 2016","format":"quote","excerpt":"02.05.2016 Stadtzeitung Online K\u00f6nigsbrunn K\u00f6nigsbrunner Einspr\u00fcche im Verkehrsministerium in Berlin angekommen","rel":"","context":"In &quot;Presse&quot;","block_context":{"text":"Presse","link":"https:\/\/keine-osttangente.de\/?cat=42"},"img":{"alt_text":"","src":"","width":0,"height":0},"classes":[]},{"id":691,"url":"https:\/\/keine-osttangente.de\/?p=691","url_meta":{"origin":2388,"position":2},"title":"Erkl\u00e4rung zum Beschluss des Margtgemeinderates Mering zur Ortsumfahrung Kissing vom 19.11.2015","author":"Wolfhard von Thienen","date":"24. November 2015","format":false,"excerpt":"Folgende Erkl\u00e4rung wurde beim letzten Organisationstreffen beschlossen, um dem Eindruck entgegen zu wirken, die Region sei einhellig f\u00fcr die Osttangente. Stellungnahme des Aktionsb\u00fcndnisses Keine Osttangente zum Beschluss des Meringer Marktgemeinderates zur Ortsumfahrung Kissing vom 19.11.2015 \u00a0 Seitens des Meringer Marktgemeinderates liegen jetzt zwei Beschl\u00fcsse vor, die sich im Zusammenhang mit\u2026","rel":"","context":"In &quot;Allgemein&quot;","block_context":{"text":"Allgemein","link":"https:\/\/keine-osttangente.de\/?cat=4"},"img":{"alt_text":"","src":"","width":0,"height":0},"classes":[]},{"id":1208,"url":"https:\/\/keine-osttangente.de\/?p=1208","url_meta":{"origin":2388,"position":3},"title":"31.10.2016 Stadtzeitung Online K\u00f6nigsbrunn","author":"Admin","date":"31. Oktober 2016","format":"quote","excerpt":"31.10.2016 Stadtzeitung Online K\u00f6nigsbrunn Petition gegen Osttangente l\u00e4uft","rel":"","context":"In &quot;Presse&quot;","block_context":{"text":"Presse","link":"https:\/\/keine-osttangente.de\/?cat=42"},"img":{"alt_text":"","src":"","width":0,"height":0},"classes":[]},{"id":530,"url":"https:\/\/keine-osttangente.de\/?p=530","url_meta":{"origin":2388,"position":4},"title":"29.06.2015 Augsburger Allgemeine K\u00f6nigsbrunn","author":"Admin","date":"29. Juni 2015","format":"quote","excerpt":"29.06.2015 Augsburger Allgemeine K\u00f6nigsbrunn Radler-Protest gegen die Osttangente","rel":"","context":"In &quot;Presse&quot;","block_context":{"text":"Presse","link":"https:\/\/keine-osttangente.de\/?cat=42"},"img":{"alt_text":"","src":"","width":0,"height":0},"classes":[]},{"id":508,"url":"https:\/\/keine-osttangente.de\/?p=508","url_meta":{"origin":2388,"position":5},"title":"15.06.2015 Stadtzeitung online K\u00f6nigsbrunn","author":"Admin","date":"15. Juni 2015","format":"quote","excerpt":"15.06.2015 Stadtzeitung online K\u00f6nigsbrunn Schnellschuss von Volker Ullrich zur Osttangente?","rel":"","context":"In &quot;Presse&quot;","block_context":{"text":"Presse","link":"https:\/\/keine-osttangente.de\/?cat=42"},"img":{"alt_text":"","src":"","width":0,"height":0},"classes":[]}],"jetpack_likes_enabled":true,"jetpack_sharing_enabled":true,"_links":{"self":[{"href":"https:\/\/keine-osttangente.de\/index.php?rest_route=\/wp\/v2\/posts\/2388"}],"collection":[{"href":"https:\/\/keine-osttangente.de\/index.php?rest_route=\/wp\/v2\/posts"}],"about":[{"href":"https:\/\/keine-osttangente.de\/index.php?rest_route=\/wp\/v2\/types\/post"}],"author":[{"embeddable":true,"href":"https:\/\/keine-osttangente.de\/index.php?rest_route=\/wp\/v2\/users\/3"}],"replies":[{"embeddable":true,"href":"https:\/\/keine-osttangente.de\/index.php?rest_route=%2Fwp%2Fv2%2Fcomments&post=2388"}],"version-history":[{"count":1,"href":"https:\/\/keine-osttangente.de\/index.php?rest_route=\/wp\/v2\/posts\/2388\/revisions"}],"predecessor-version":[{"id":2390,"href":"https:\/\/keine-osttangente.de\/index.php?rest_route=\/wp\/v2\/posts\/2388\/revisions\/2390"}],"wp:attachment":[{"href":"https:\/\/keine-osttangente.de\/index.php?rest_route=%2Fwp%2Fv2%2Fmedia&parent=2388"}],"wp:term":[{"taxonomy":"category","embeddable":true,"href":"https:\/\/keine-osttangente.de\/index.php?rest_route=%2Fwp%2Fv2%2Fcategories&post=2388"},{"taxonomy":"post_tag","embeddable":true,"href":"https:\/\/keine-osttangente.de\/index.php?rest_route=%2Fwp%2Fv2%2Ftags&post=2388"}],"curies":[{"name":"wp","href":"https:\/\/api.w.org\/{rel}","templated":true}]}}