{"id":2384,"date":"2023-04-27T09:01:07","date_gmt":"2023-04-27T09:01:07","guid":{"rendered":"https:\/\/keine-osttangente.de\/?p=2384"},"modified":"2023-04-27T09:01:07","modified_gmt":"2023-04-27T09:01:07","slug":"anfrage-an-die-staatsregierung","status":"publish","type":"post","link":"https:\/\/keine-osttangente.de\/?p=2384","title":{"rendered":"Anfrage an die Staatsregierung"},"content":{"rendered":"<p>Unser Gr\u00fcndungsmitglied, die Landtagsabgeordnete Christina Haubrich hat eine Anfratge an die Staatsregierung gestellt um zu erfahren, welche Stra\u00dfenbauprojekte die Staatsregierung beschleunigen m\u00f6chte. <a href=\"https:\/\/keine-osttangente.de\/wp-content\/uploads\/2023\/04\/Haubrich.pdf\">Hier die Antwort <\/a><\/p>\n","protected":false},"excerpt":{"rendered":"<p>Unser Gr\u00fcndungsmitglied, die Landtagsabgeordnete Christina Haubrich hat eine Anfratge an die Staatsregierung gestellt um zu erfahren, welche Stra\u00dfenbauprojekte die Staatsregierung beschleunigen m\u00f6chte. Hier die Antwort<\/p>\n","protected":false},"author":3,"featured_media":0,"comment_status":"closed","ping_status":"closed","sticky":false,"template":"","format":"standard","meta":{"jetpack_post_was_ever_published":false,"_jetpack_newsletter_access":"","_jetpack_dont_email_post_to_subs":false,"_jetpack_newsletter_tier_id":0,"footnotes":"","jetpack_publicize_message":"Anfrage an die Staatsregierung","jetpack_publicize_feature_enabled":true,"jetpack_social_post_already_shared":true,"jetpack_social_options":{"image_generator_settings":{"template":"highway","enabled":false}}},"categories":[4],"tags":[],"jetpack_publicize_connections":[],"jetpack_featured_media_url":"","jetpack_shortlink":"https:\/\/wp.me\/p8dGOP-Cs","jetpack-related-posts":[{"id":2378,"url":"https:\/\/keine-osttangente.de\/?p=2378","url_meta":{"origin":2384,"position":0},"title":"S\u00f6der will noch mehr Autobahnen und Bundesstra\u00dfen beschleunigen","author":"Wolfhard von Thienen","date":"21. April 2023","format":false,"excerpt":"In der Kabinettssitzung am 18.4.2023 hat die Staatsregierung beschlossen, dass zus\u00e4tzlich zu den von der Koalition in einem z\u00e4hen Kompromiss ausgehandelten Autobahnprojekten, in Bayern weitere Autobahnen und Bundesstra\u00dfen beschleunigt werden sollen. Hier zeigt sich wieder einmal, dass der Staatsregierung und der CSU Klimaschutz und Erhalt einer gesunden Umwelt nicht so\u2026","rel":"","context":"In &quot;Allgemein&quot;","block_context":{"text":"Allgemein","link":"https:\/\/keine-osttangente.de\/?cat=4"},"img":{"alt_text":"","src":"","width":0,"height":0},"classes":[]},{"id":1958,"url":"https:\/\/keine-osttangente.de\/?p=1958","url_meta":{"origin":2384,"position":1},"title":"BUND Naturschutz k\u00fcndigt Proteste bei der m\u00f6glichen IAA 2021 in M\u00fcnchen an.","author":"Wolfhard von Thienen","date":"3. M\u00e4rz 2020","format":false,"excerpt":"Weiterf\u00fchrung der IAA ist falsches Signal f\u00fcr Klimaschutz und Verkehrswende Als Reaktion auf Presseberichte denen zufolge die Internationale Automobilausstellung (IAA) im Jahr 2021 in M\u00fcnchen veranstaltet werden soll, k\u00fcndigt der BUND Naturschutz (BN) Proteste an. Der Vorsitzende des BN, Richard Mergner, kommentiert die Meldungen wie folgt: \u201eDie IAA steht mit\u2026","rel":"","context":"In &quot;Allgemein&quot;","block_context":{"text":"Allgemein","link":"https:\/\/keine-osttangente.de\/?cat=4"},"img":{"alt_text":"","src":"","width":0,"height":0},"classes":[]},{"id":2036,"url":"https:\/\/keine-osttangente.de\/?p=2036","url_meta":{"origin":2384,"position":2},"title":"Bayern ist trauriges Schlusslicht bei umweltfreundlicher Mobilit\u00e4t","author":"Wolfhard von Thienen","date":"30. Oktober 2020","format":false,"excerpt":"Eine umfangreiche Studie von \"Allianz pro Schiene\" nimmt der Bund Naturschutz Bayern zum Anlass, die bayerische Verkehrspolitik deutlich zu kritisieren. Hier die Presseerkl\u00e4rung des Bund Naturschutz: \u201eBayern braucht eine Verkehrswende. Klimaschutz, Verbesserung der Luftqualit\u00e4t, L\u00e4rmminderung und Fl\u00e4chensparen werden in der bayerischen Verkehrspolitik bisher nicht umgesetzt\u201c, kommentiert BN-Landesvorsitzender Richard Mergner die\u2026","rel":"","context":"In &quot;Nachrichten zur Mobilit\u00e4t&quot;","block_context":{"text":"Nachrichten zur Mobilit\u00e4t","link":"https:\/\/keine-osttangente.de\/?cat=106"},"img":{"alt_text":"","src":"https:\/\/i0.wp.com\/keine-osttangente.de\/wp-content\/uploads\/2020\/10\/BayernSchlusslichgt_2020-300x172.jpg?resize=350%2C200","width":350,"height":200,"srcset":"https:\/\/i0.wp.com\/keine-osttangente.de\/wp-content\/uploads\/2020\/10\/BayernSchlusslichgt_2020-300x172.jpg?resize=350%2C200 1x, https:\/\/i0.wp.com\/keine-osttangente.de\/wp-content\/uploads\/2020\/10\/BayernSchlusslichgt_2020-300x172.jpg?resize=525%2C300 1.5x"},"classes":[]},{"id":637,"url":"https:\/\/keine-osttangente.de\/?p=637","url_meta":{"origin":2384,"position":3},"title":"Alternativen zur Osttangente","author":"Wolfhard von Thienen","date":"6. November 2015","format":false,"excerpt":"Welche Alternativen gibt es zur Osttangente ? Unser Verein hat in einem Workshop unter reger Beteiligung vieler Mitglieder Alternativen zur Osttangente entwickelt. Wir lehnen einen weiteren Ausbau von Schnellstra\u00dfen in der Region ab, sei es die neue Osttangente oder ein durchgehender Ausbau der B17. Statt dessen sollen neue Mobilit\u00e4tskonzepte umgesetzt\u2026","rel":"","context":"In &quot;Argumente&quot;","block_context":{"text":"Argumente","link":"https:\/\/keine-osttangente.de\/?cat=5"},"img":{"alt_text":"","src":"","width":0,"height":0},"classes":[]}],"jetpack_likes_enabled":true,"jetpack_sharing_enabled":true,"_links":{"self":[{"href":"https:\/\/keine-osttangente.de\/index.php?rest_route=\/wp\/v2\/posts\/2384"}],"collection":[{"href":"https:\/\/keine-osttangente.de\/index.php?rest_route=\/wp\/v2\/posts"}],"about":[{"href":"https:\/\/keine-osttangente.de\/index.php?rest_route=\/wp\/v2\/types\/post"}],"author":[{"embeddable":true,"href":"https:\/\/keine-osttangente.de\/index.php?rest_route=\/wp\/v2\/users\/3"}],"replies":[{"embeddable":true,"href":"https:\/\/keine-osttangente.de\/index.php?rest_route=%2Fwp%2Fv2%2Fcomments&post=2384"}],"version-history":[{"count":1,"href":"https:\/\/keine-osttangente.de\/index.php?rest_route=\/wp\/v2\/posts\/2384\/revisions"}],"predecessor-version":[{"id":2386,"href":"https:\/\/keine-osttangente.de\/index.php?rest_route=\/wp\/v2\/posts\/2384\/revisions\/2386"}],"wp:attachment":[{"href":"https:\/\/keine-osttangente.de\/index.php?rest_route=%2Fwp%2Fv2%2Fmedia&parent=2384"}],"wp:term":[{"taxonomy":"category","embeddable":true,"href":"https:\/\/keine-osttangente.de\/index.php?rest_route=%2Fwp%2Fv2%2Fcategories&post=2384"},{"taxonomy":"post_tag","embeddable":true,"href":"https:\/\/keine-osttangente.de\/index.php?rest_route=%2Fwp%2Fv2%2Ftags&post=2384"}],"curies":[{"name":"wp","href":"https:\/\/api.w.org\/{rel}","templated":true}]}}