{"id":2313,"date":"2022-08-03T09:30:24","date_gmt":"2022-08-03T09:30:24","guid":{"rendered":"https:\/\/keine-osttangente.de\/?p=2313"},"modified":"2022-08-03T10:10:54","modified_gmt":"2022-08-03T10:10:54","slug":"nachruf-fuer-rudi-kaiserswerth","status":"publish","type":"post","link":"https:\/\/keine-osttangente.de\/?p=2313","title":{"rendered":"Nachruf f\u00fcr Rudi Kaiserswerth"},"content":{"rendered":"<p><img loading=\"lazy\" decoding=\"async\" data-attachment-id=\"2319\" data-permalink=\"https:\/\/keine-osttangente.de\/?attachment_id=2319\" data-orig-file=\"https:\/\/i0.wp.com\/keine-osttangente.de\/wp-content\/uploads\/2022\/08\/OsttangentenbluesRudi-1.jpg?fit=1920%2C1080&amp;ssl=1\" data-orig-size=\"1920,1080\" data-comments-opened=\"0\" data-image-meta=\"{&quot;aperture&quot;:&quot;0&quot;,&quot;credit&quot;:&quot;&quot;,&quot;camera&quot;:&quot;&quot;,&quot;caption&quot;:&quot;&quot;,&quot;created_timestamp&quot;:&quot;0&quot;,&quot;copyright&quot;:&quot;&quot;,&quot;focal_length&quot;:&quot;0&quot;,&quot;iso&quot;:&quot;0&quot;,&quot;shutter_speed&quot;:&quot;0&quot;,&quot;title&quot;:&quot;&quot;,&quot;orientation&quot;:&quot;0&quot;}\" data-image-title=\"OsttangentenbluesRudi\" data-image-description=\"\" data-image-caption=\"\" data-medium-file=\"https:\/\/i0.wp.com\/keine-osttangente.de\/wp-content\/uploads\/2022\/08\/OsttangentenbluesRudi-1.jpg?fit=300%2C169&amp;ssl=1\" data-large-file=\"https:\/\/i0.wp.com\/keine-osttangente.de\/wp-content\/uploads\/2022\/08\/OsttangentenbluesRudi-1.jpg?fit=474%2C267&amp;ssl=1\" class=\"alignnone size-medium wp-image-2319 aligncenter\" src=\"https:\/\/i0.wp.com\/keine-osttangente.de\/wp-content\/uploads\/2022\/08\/OsttangentenbluesRudi-1.jpg?resize=300%2C169&#038;ssl=1\" alt=\"\" width=\"300\" height=\"169\" srcset=\"https:\/\/i0.wp.com\/keine-osttangente.de\/wp-content\/uploads\/2022\/08\/OsttangentenbluesRudi-1.jpg?resize=300%2C169&amp;ssl=1 300w, https:\/\/i0.wp.com\/keine-osttangente.de\/wp-content\/uploads\/2022\/08\/OsttangentenbluesRudi-1.jpg?resize=1024%2C576&amp;ssl=1 1024w, https:\/\/i0.wp.com\/keine-osttangente.de\/wp-content\/uploads\/2022\/08\/OsttangentenbluesRudi-1.jpg?resize=768%2C432&amp;ssl=1 768w, https:\/\/i0.wp.com\/keine-osttangente.de\/wp-content\/uploads\/2022\/08\/OsttangentenbluesRudi-1.jpg?resize=1536%2C864&amp;ssl=1 1536w, https:\/\/i0.wp.com\/keine-osttangente.de\/wp-content\/uploads\/2022\/08\/OsttangentenbluesRudi-1.jpg?w=1920&amp;ssl=1 1920w, https:\/\/i0.wp.com\/keine-osttangente.de\/wp-content\/uploads\/2022\/08\/OsttangentenbluesRudi-1.jpg?w=948&amp;ssl=1 948w, https:\/\/i0.wp.com\/keine-osttangente.de\/wp-content\/uploads\/2022\/08\/OsttangentenbluesRudi-1.jpg?w=1422&amp;ssl=1 1422w\" sizes=\"(max-width: 300px) 100vw, 300px\" data-recalc-dims=\"1\" \/><\/p>\n<p>Unser langj\u00e4hriges Mitglied Rudi Kaiserswerth hat uns leider verlassen.<\/p>\n<p>Rudi war vielen von uns ein guter Freund und Ratgeber und wir sind zutiefst betr\u00fcbt. Er hat sich in vielen Projekten f\u00fcr eine bessere und nachhaltigere Welt eingesetzt. Ihm war es dabei immer wichtig, auf Basis von Fakten zu handeln. Dazu hat er sich in viele Themen eingearbeitet und sein Wissen in vielen Vortr\u00e4gen vermittelt. Auch war ihm immer wichtig, \u00fcber partei- und ideologische Grenzen hinweg mit allen Menschen zusammenzuarbeiten. Zuletzt hielt er bei uns einen Online-Vortrag zur Wasserstofftechnologie. Wir haben viele gemeinsame Aktionen sowohl f\u00fcr unser Aktionsb\u00fcndnis als auch f\u00fcr andere Projekte beim B\u00fcndnis f\u00fcr Nachhaltigkeit, Forum Zukunft, den Gr\u00fcnen etc. gemacht. Unvergessen ist sein Osttangenten-Blues zusammen mit seiner geliebten Gitarre bei unseren Veranstaltungen. Er hat unsere Webseite gestaltet und war bei all unseren Veranstaltungen aktiv dabei. Im Jahre 2019 zog er mit seiner Frau ins elterliche Wohnhaus ins sch\u00f6ne Oberstdorf. Obwohl er immer wieder sagte, dass er etwas weniger tun wolle, war er auch dort schon bald bei lokalen Klimaschutzinitiativen wie Oberstdorf for Future und Gr\u00fcnen genauso aktiv wie hier in Mering. Die, die ihn in Mering kannten wunderte das nicht und wir schmunzelten, wenn wieder irgendwelche Nachrichten aus Oberstdorf auftauchten, in denen ein gewisser Herr Kaiserswerth als K\u00e4mpfer f\u00fcr Umwelt und Natur auftauchte.<\/p>\n<p>Es f\u00e4llt uns schwer zu glauben, dass dieser liebe Freund und unerm\u00fcdliche K\u00e4mpfer f\u00fcr eine bessere Welt nicht mehr da ist.<\/p>\n","protected":false},"excerpt":{"rendered":"<p>Unser langj\u00e4hriges Mitglied Rudi Kaiserswerth hat uns leider verlassen. Rudi war vielen von uns ein guter Freund und Ratgeber und wir sind zutiefst betr\u00fcbt. Er hat sich in vielen Projekten f\u00fcr eine bessere und nachhaltigere Welt eingesetzt. Ihm war es dabei immer wichtig, auf Basis von Fakten zu handeln. Dazu hat er sich in viele &hellip; <a href=\"https:\/\/keine-osttangente.de\/?p=2313\" class=\"more-link\"><span class=\"screen-reader-text\">Nachruf f\u00fcr Rudi Kaiserswerth<\/span> weiterlesen <span class=\"meta-nav\">&rarr;<\/span><\/a><\/p>\n","protected":false},"author":3,"featured_media":0,"comment_status":"closed","ping_status":"closed","sticky":false,"template":"","format":"standard","meta":{"jetpack_post_was_ever_published":false,"_jetpack_newsletter_access":"","_jetpack_dont_email_post_to_subs":false,"_jetpack_newsletter_tier_id":0,"footnotes":"","jetpack_publicize_message":"","jetpack_publicize_feature_enabled":true,"jetpack_social_post_already_shared":true,"jetpack_social_options":{"image_generator_settings":{"template":"highway","enabled":false}}},"categories":[4],"tags":[],"jetpack_publicize_connections":[],"jetpack_featured_media_url":"","jetpack_shortlink":"https:\/\/wp.me\/p8dGOP-Bj","jetpack-related-posts":[{"id":472,"url":"https:\/\/keine-osttangente.de\/?p=472","url_meta":{"origin":2313,"position":0},"title":"Osttangenten Blues","author":"Admin","date":"27. Juni 2015","format":false,"excerpt":"Der Text zu dem am 26. (Stadl-Uni) und 27. Juni (Radl-Sternfahrt) erstmals aufgef\u00fchrten Osttangentenblues. Mir hat tr\u00e4umt I fahr mit\u2018m Radl Zum Weitmannsee Des war doch bisher immer So wunderschee. I fahr raus aus Mering Und I denk I bin bled Do steht a hohe Mauer Und nirgends ein Weg.\u2026","rel":"","context":"In &quot;Allgemein&quot;","block_context":{"text":"Allgemein","link":"https:\/\/keine-osttangente.de\/?cat=4"},"img":{"alt_text":"","src":"","width":0,"height":0},"classes":[]},{"id":256,"url":"https:\/\/keine-osttangente.de\/?p=256","url_meta":{"origin":2313,"position":1},"title":"Handelt es sich um eine Autobahn?","author":"Admin","date":"21. Mai 2015","format":false,"excerpt":"Wie Autobahnen bei uns gebaut werden sollen, ist recht \u00fcbersichtlich in den Richtlinien f\u00fcr die Anlage von Autobahnen nachzulesen. Dort ist in der Entwurfsklasse 1 (Fernautobahn\/\u00dcberregionalautobahn) ersichtlich, dass eine vierspurige Autobahn nach RQ 31 einen Standardquerschnitt von 31 m umfasst. Demgegen\u00fcber hat nach Entwurfsklasse 2 eine autobahn\u00e4hnliche Stra\u00dfe nach RQ\u2026","rel":"","context":"In &quot;Argumente&quot;","block_context":{"text":"Argumente","link":"https:\/\/keine-osttangente.de\/?cat=5"},"img":{"alt_text":"","src":"","width":0,"height":0},"classes":[]},{"id":515,"url":"https:\/\/keine-osttangente.de\/?p=515","url_meta":{"origin":2313,"position":2},"title":"Radl-Sternfahrt, ein gro\u00dfer Erfolg","author":"Admin","date":"29. Juni 2015","format":false,"excerpt":"Nachdem uns das Wetter in der letzten Woche einen Strich durch die Rechnung gemacht hatte, konnten wir die Radl-Sternfahrt dieses mal erfolgreich durchf\u00fchren. Aus 11 Orten kamen ca. 300 Radfahrer zum Weitmannsee um gegen die Planung und den Bau der Osttangente Augsburg zu protestieren. Im Bild oben ein Eindruck kurz\u2026","rel":"","context":"In &quot;Allgemein&quot;","block_context":{"text":"Allgemein","link":"https:\/\/keine-osttangente.de\/?cat=4"},"img":{"alt_text":"Abfahrt Mering_700","src":"https:\/\/i0.wp.com\/keine-osttangente.de\/wp-content\/uploads\/2015\/06\/Abfahrt-Mering_700.jpg?resize=350%2C200","width":350,"height":200},"classes":[]},{"id":258,"url":"https:\/\/keine-osttangente.de\/?p=258","url_meta":{"origin":2313,"position":3},"title":"Absch\u00e4tzung des Fl\u00e4chenverbrauchs","author":"Admin","date":"21. Mai 2015","format":false,"excerpt":"Aus den Betrachtungen zur Breite des neuen Verkehrsweges (siehe die Argumentation zu \"Handelt es sich um eine Autobahn\") kennen wir die Breite von 28 m. Die L\u00e4nge der aktuellen Planungsvariante kann mit etwa 25 km abgesch\u00e4tzt werden. Damit ergibt sich eine befestigte (und damit versiegelte) Fl\u00e4che alleine \u00fcber die Fahrbahn\u2026","rel":"","context":"In &quot;Argumente&quot;","block_context":{"text":"Argumente","link":"https:\/\/keine-osttangente.de\/?cat=5"},"img":{"alt_text":"Fl\u00c3\u00a4chenverbrauch Autobahn","src":"https:\/\/i0.wp.com\/keine-osttangente.de\/wp-content\/uploads\/2015\/05\/Fl\u00c3\u00a4chenverbrauch-Autobahn.png?resize=350%2C200","width":350,"height":200,"srcset":"https:\/\/i0.wp.com\/keine-osttangente.de\/wp-content\/uploads\/2015\/05\/Fl\u00c3\u00a4chenverbrauch-Autobahn.png?resize=350%2C200 1x, https:\/\/i0.wp.com\/keine-osttangente.de\/wp-content\/uploads\/2015\/05\/Fl\u00c3\u00a4chenverbrauch-Autobahn.png?resize=525%2C300 1.5x, https:\/\/i0.wp.com\/keine-osttangente.de\/wp-content\/uploads\/2015\/05\/Fl\u00c3\u00a4chenverbrauch-Autobahn.png?resize=700%2C400 2x"},"classes":[]},{"id":1062,"url":"https:\/\/keine-osttangente.de\/?p=1062","url_meta":{"origin":2313,"position":4},"title":"Gek\u00fcrzter Leserbrief in der FA","author":"Admin","date":"26. April 2016","format":"quote","excerpt":"Gestern am 25.4. waren zwei Leserbriefe in der Friedberger Allgemeinen im Lokalteil, wo Wolfhard von Thienen unterstellt wurde, dass er unsachlich argumentiert und falsche Behauptungen aufstellt. Wolfhard und ich haben daraufhin eine Erwiderung formuliert, die aber leider nur teilweise in der Friedberger Allgmeinen vom 26.4. abgedruckt wurde. Den kompletten Text\u2026","rel":"","context":"In &quot;Presse&quot;","block_context":{"text":"Presse","link":"https:\/\/keine-osttangente.de\/?cat=42"},"img":{"alt_text":"","src":"","width":0,"height":0},"classes":[]},{"id":364,"url":"https:\/\/keine-osttangente.de\/?p=364","url_meta":{"origin":2313,"position":5},"title":"Erfolgreicher Infostand","author":"Admin","date":"7. Juni 2015","format":false,"excerpt":"Der Infostand des Aktionsb\u00fcndnisses auf dem Marktplatz in Mering im Vorfeld der Infoveranstaltung erfreute sich bei sehr gutem Wetter gro\u00dfem Interesse. Die meisten B\u00fcrger kannten das Thema inzwischen schon aus der Presse, aber f\u00fcr einige war es doch noch neu. Das Bild zeigt etwa die H\u00e4lfte unseres engagierten Standpersonals (\u00a9\u2026","rel":"","context":"In &quot;Allgemein&quot;","block_context":{"text":"Allgemein","link":"https:\/\/keine-osttangente.de\/?cat=4"},"img":{"alt_text":"2015-06-06 Infostand_700","src":"https:\/\/i0.wp.com\/keine-osttangente.de\/wp-content\/uploads\/2015\/06\/2015-06-06-Infostand_700.jpg?resize=350%2C200","width":350,"height":200,"srcset":"https:\/\/i0.wp.com\/keine-osttangente.de\/wp-content\/uploads\/2015\/06\/2015-06-06-Infostand_700.jpg?resize=350%2C200 1x, https:\/\/i0.wp.com\/keine-osttangente.de\/wp-content\/uploads\/2015\/06\/2015-06-06-Infostand_700.jpg?resize=525%2C300 1.5x, https:\/\/i0.wp.com\/keine-osttangente.de\/wp-content\/uploads\/2015\/06\/2015-06-06-Infostand_700.jpg?resize=700%2C400 2x"},"classes":[]}],"jetpack_likes_enabled":true,"jetpack_sharing_enabled":true,"_links":{"self":[{"href":"https:\/\/keine-osttangente.de\/index.php?rest_route=\/wp\/v2\/posts\/2313"}],"collection":[{"href":"https:\/\/keine-osttangente.de\/index.php?rest_route=\/wp\/v2\/posts"}],"about":[{"href":"https:\/\/keine-osttangente.de\/index.php?rest_route=\/wp\/v2\/types\/post"}],"author":[{"embeddable":true,"href":"https:\/\/keine-osttangente.de\/index.php?rest_route=\/wp\/v2\/users\/3"}],"replies":[{"embeddable":true,"href":"https:\/\/keine-osttangente.de\/index.php?rest_route=%2Fwp%2Fv2%2Fcomments&post=2313"}],"version-history":[{"count":6,"href":"https:\/\/keine-osttangente.de\/index.php?rest_route=\/wp\/v2\/posts\/2313\/revisions"}],"predecessor-version":[{"id":2320,"href":"https:\/\/keine-osttangente.de\/index.php?rest_route=\/wp\/v2\/posts\/2313\/revisions\/2320"}],"wp:attachment":[{"href":"https:\/\/keine-osttangente.de\/index.php?rest_route=%2Fwp%2Fv2%2Fmedia&parent=2313"}],"wp:term":[{"taxonomy":"category","embeddable":true,"href":"https:\/\/keine-osttangente.de\/index.php?rest_route=%2Fwp%2Fv2%2Fcategories&post=2313"},{"taxonomy":"post_tag","embeddable":true,"href":"https:\/\/keine-osttangente.de\/index.php?rest_route=%2Fwp%2Fv2%2Ftags&post=2313"}],"curies":[{"name":"wp","href":"https:\/\/api.w.org\/{rel}","templated":true}]}}