{"id":2273,"date":"2021-12-23T11:31:19","date_gmt":"2021-12-23T11:31:19","guid":{"rendered":"http:\/\/keine-osttangente.de\/?p=2273"},"modified":"2021-12-23T11:55:53","modified_gmt":"2021-12-23T11:55:53","slug":"ergebnisse-dialogforum-bahnausbau-region-muenchen","status":"publish","type":"post","link":"https:\/\/keine-osttangente.de\/?p=2273","title":{"rendered":"Ergebnisse Dialogforum Bahnausbau Region M\u00fcnchen"},"content":{"rendered":"<p>Die Ergebnisse zu den geplanten Neu- und Ausbauprojekten wurden am 17.12.2021 vom Bahnbevollm\u00e4chtigten\u00a0Klaus-Dieter Josel den Kommunalvertreterinnen und -vertretern\u00a0 vorgestellt (siehe <a href=\"https:\/\/www.stmb.bayern.de\/med\/aktuell\/archiv\/2021\/211217dialogforen\/index.php\">https:\/\/www.stmb.bayern.de\/med\/aktuell\/archiv\/2021\/211217dialogforen\/index.php<\/a>).<\/p>\n<p>Die Ergebnisse sind hier zu finden f\u00fcr die Region <a href=\"https:\/\/keine-osttangente.de\/wp-content\/uploads\/2021\/12\/211217_dialogforum_west_internet.pdf\">West<\/a>, <a href=\"https:\/\/keine-osttangente.de\/wp-content\/uploads\/2021\/12\/211217_dialogforum_nordost_internet.pdf\">Nordost<\/a> und <a href=\"https:\/\/keine-osttangente.de\/wp-content\/uploads\/2021\/12\/211217_dialogforum_s\u00fcd_internet.pdf\">S\u00fcd<\/a> . Die f\u00fcr unseren Landkreis wichtigen Ergebnisse finden sich in der Region <a href=\"https:\/\/keine-osttangente.de\/wp-content\/uploads\/2021\/12\/211217_dialogforum_west_internet.pdf\">West<\/a>. Die Einstufung, ob ein Projekt weiter verfolgt werden sollte wurde offenbar einzig auf Basis von Nutzen\/Kosten-Erw\u00e4gungen getroffen. Leider finden sich zu den Entscheidungskriterien sowie zur Methodik keine weiteren Erkl\u00e4rungen.<\/p>\n<p>Besonders nachteilig f\u00fcr den Landkreis Aichach-Friedberg ist, dass die wichtige neue Bahnverbindung Bobingen &#8211; Mering (Seite 27) als nicht weiterzuverfolgen eingestuft wurde. Entsprechendes gilt f\u00fcr die Verl\u00e4ngereung der Express-S-Bahn S22X von Altom\u00fcnster nach Aichach (Seite 25) sowie f\u00fcr den Neubau der S-Bahn von M\u00fcnchen nach Dasing (Seite 26).<\/p>\n<p>Aus Sicht des <strong>Aktionsb\u00fcndnisses Keine Osttangente<\/strong> d\u00fcrfen nicht allein wirtschaftliche Betrachtungen eine Rolle spielen. So m\u00fcssen Umwelt- und Klimaziele sowie die Reduzierung des Autoverkehrs in der Region ber\u00fccksichtigt werden.\u00a0\u00a0 Ausserdem fordert das B\u00fcndnis, dass die Beurteilungskriterien der \u00d6ffentlichkeit gegen\u00fcber transparent dargestellt werden. Eine\u00a0 Bahnverbindung\u00a0 Bobingen &#8211; Mering kann aus Sicht des B\u00fcndnisses dazu beitragen, die besonders umweltproblematische und gerade in Planung befindliche Schnellstra\u00dfe durch die Lechregion (Osttangente) obsolet zu machen. &#8222;Statt Millionenbetr\u00e4ge in den Bau und Ausbau neuer Schnellstra\u00dfen zu stecken, w\u00e4re das Geld beim Bahnausbau besser angelegt&#8220;, so der Sprecher des B\u00fcndnisses, Wolfhard von Thienen. Er erg\u00e4nzt: &#8222;Wir sind gespannt, was der parlamentarische Gesch\u00e4ftsf\u00fchrer der Landtagsfraktion der Freien W\u00e4hler, Fabian Mehring zu diesen Pl\u00e4nen seines Koalitionspartners sagt&#8220;.\u00a0 Herr Mehring hatte sich seinerzeit im Landtagswahlkampf deutlich f\u00fcr die Bahnverbindung Bobingen-Mering als Alternative zur Osttangente ausgesprochen.<\/p>\n","protected":false},"excerpt":{"rendered":"<p>Die Ergebnisse zu den geplanten Neu- und Ausbauprojekten wurden am 17.12.2021 vom Bahnbevollm\u00e4chtigten\u00a0Klaus-Dieter Josel den Kommunalvertreterinnen und -vertretern\u00a0 vorgestellt (siehe https:\/\/www.stmb.bayern.de\/med\/aktuell\/archiv\/2021\/211217dialogforen\/index.php). Die Ergebnisse sind hier zu finden f\u00fcr die Region West, Nordost und S\u00fcd . Die f\u00fcr unseren Landkreis wichtigen Ergebnisse finden sich in der Region West. Die Einstufung, ob ein Projekt weiter verfolgt werden &hellip; <a href=\"https:\/\/keine-osttangente.de\/?p=2273\" class=\"more-link\"><span class=\"screen-reader-text\">Ergebnisse Dialogforum Bahnausbau Region M\u00fcnchen<\/span> weiterlesen <span class=\"meta-nav\">&rarr;<\/span><\/a><\/p>\n","protected":false},"author":3,"featured_media":0,"comment_status":"closed","ping_status":"closed","sticky":false,"template":"","format":"standard","meta":{"jetpack_post_was_ever_published":false,"_jetpack_newsletter_access":"","_jetpack_dont_email_post_to_subs":false,"_jetpack_newsletter_tier_id":0,"footnotes":"","jetpack_publicize_message":"","jetpack_publicize_feature_enabled":true,"jetpack_social_post_already_shared":true,"jetpack_social_options":{"image_generator_settings":{"template":"highway","enabled":false}}},"categories":[4],"tags":[],"jetpack_publicize_connections":[],"jetpack_featured_media_url":"","jetpack_shortlink":"https:\/\/wp.me\/p8dGOP-AF","jetpack-related-posts":[{"id":710,"url":"https:\/\/keine-osttangente.de\/?p=710","url_meta":{"origin":2273,"position":0},"title":"Umfrage zur Osttangente","author":"Admin","date":"27. November 2015","format":false,"excerpt":"Die FA hat heute die Ergebnisse einer nicht repr\u00e4sentativen Umfrage bei 1045 Einwohnern Merings, Kissings und Friedbergs ver\u00f6ffentlicht. Insgesamt ergibt sich eine klare Mehrheit f\u00fcr die Gegner: 37 % sind dagegegen 26% sind daf\u00fcr 37% haben keine Meinung Besonders \u00fcberraschend sind die Zahlen f\u00fcr Friedberg. Hier sind: (Link zum Artikel)\u2026","rel":"","context":"In &quot;Allgemein&quot;","block_context":{"text":"Allgemein","link":"https:\/\/keine-osttangente.de\/?cat=4"},"img":{"alt_text":"","src":"","width":0,"height":0},"classes":[]},{"id":876,"url":"https:\/\/keine-osttangente.de\/?p=876","url_meta":{"origin":2273,"position":1},"title":"Einspruch erheben, jetzt!","author":"Admin","date":"21. M\u00e4rz 2016","format":false,"excerpt":"Die angek\u00fcndigte \u00d6ffentlichkeitsbeteiligung wird vom 21.3.2016 bis 2.5.2016 laufen. Es wird der Entwurf des BVWP mit den eingestuften Projekten sowie der Umweltbericht zur Beteiligung ausgelegt. Erg\u00e4nzend werden die Ergebnisse der Einzelprojektbewertung aus dem Projektinformationssystem (PRINS) im Internet zu finden sein. Ab jetzt hei\u00dft es \u00c4rmel hochkrempeln und nicht locker lassen,\u2026","rel":"","context":"In &quot;Allgemein&quot;","block_context":{"text":"Allgemein","link":"https:\/\/keine-osttangente.de\/?cat=4"},"img":{"alt_text":"Plakat Kuh nicht vom Eis","src":"https:\/\/i0.wp.com\/keine-osttangente.de\/wp-content\/uploads\/2016\/03\/Plakat-Kuh-nicht-vom-Eis.jpg?resize=350%2C200","width":350,"height":200,"srcset":"https:\/\/i0.wp.com\/keine-osttangente.de\/wp-content\/uploads\/2016\/03\/Plakat-Kuh-nicht-vom-Eis.jpg?resize=350%2C200 1x, https:\/\/i0.wp.com\/keine-osttangente.de\/wp-content\/uploads\/2016\/03\/Plakat-Kuh-nicht-vom-Eis.jpg?resize=525%2C300 1.5x"},"classes":[]},{"id":1749,"url":"https:\/\/keine-osttangente.de\/?p=1749","url_meta":{"origin":2273,"position":2},"title":"Studie des Navigationsdienstleisters TomTom","author":"Wolfhard von Thienen","date":"23. Juli 2019","format":false,"excerpt":"Bereits im Jahre 2017 und 2018 ver\u00f6ffentlichte INRIX zwei weltweite Studien zur Staubelastung von Gro\u00dfst\u00e4dten. Augsburg landete dabei immer im unteren Drittel der ausgew\u00e4hlten deutschen Gro\u00dfst\u00e4dte. Dies wurde jetzt durch TomTom best\u00e4tigt. Von den ausgew\u00e4hlten 25 deutschen St\u00e4dten landete Augsburg auf Rang 21. Hierzu haben wir folgenden Leserbrief in der\u2026","rel":"","context":"In &quot;Argumente&quot;","block_context":{"text":"Argumente","link":"https:\/\/keine-osttangente.de\/?cat=5"},"img":{"alt_text":"","src":"","width":0,"height":0},"classes":[]},{"id":1968,"url":"https:\/\/keine-osttangente.de\/?p=1968","url_meta":{"origin":2273,"position":3},"title":"Wer Stra\u00dfen s\u00e4t&#8230;","author":"Wolfhard von Thienen","date":"2. April 2020","format":false,"excerpt":"Bereits im Februar haben wir die Ergebnisse einer Untersuchung in den USA ver\u00f6ffentlicht, die sehr deutlich das alte Dogma \"Wer Stra\u00dfen s\u00e4t wird Verkehr ernten\" untermauert siehe hier. Diese Studie wird erneut eindrucksvoll durch eine weitere Studie in den USA der Organisation \"Transportation for America\" best\u00e4tigt. Die Studie kommt zu\u2026","rel":"","context":"In &quot;Nachrichten zur Mobilit\u00e4t&quot;","block_context":{"text":"Nachrichten zur Mobilit\u00e4t","link":"https:\/\/keine-osttangente.de\/?cat=106"},"img":{"alt_text":"","src":"","width":0,"height":0},"classes":[]},{"id":2120,"url":"https:\/\/keine-osttangente.de\/?p=2120","url_meta":{"origin":2273,"position":4},"title":"Wunder Wasserstoff?","author":"Wolfhard von Thienen","date":"17. M\u00e4rz 2021","format":false,"excerpt":"Im Rahmen unserer Veranstaltungsserie zum Thema Mobilit\u00e4t laden wir herzlich zum Online-Vortrag von Rudolf Kaiserswerth \u00fcber die Wasserstofftechnologie ein Zoom-Meeting https:\/\/us02web.zoom.us\/j\/86947693474?pwd=dTZpUVNRejQwUnFReFpUQy9rR3Qvdz09 Meeting-ID: 869 4769 3474 Kenncode: 959632 Dienstag, 30. M\u00e4rz 2021, 19 Uhr Das Thema Wasserstoff ist immer wieder in den Medien und wird teilweise sehr emotional und kontrovers diskutiert.\u2026","rel":"","context":"In &quot;Allgemein&quot;","block_context":{"text":"Allgemein","link":"https:\/\/keine-osttangente.de\/?cat=4"},"img":{"alt_text":"","src":"","width":0,"height":0},"classes":[]},{"id":575,"url":"https:\/\/keine-osttangente.de\/?p=575","url_meta":{"origin":2273,"position":5},"title":"Verkehrsaufkommen in der Region","author":"Wolfhard von Thienen","date":"13. Juli 2015","format":false,"excerpt":"Dank der Recherchearbeit von Joseph Metzger von der Aktionsgemeinschaft Lechallianz e.V., basierend auf offiziellen Zahlen aus dem Jahre 2010, geben wir hier die Ergebnisse offizieller Z\u00e4hlungen des Verkehrsaufkommens in der Region an.\u00a0 Die Zahl zur AI25\u00a0 f\u00fcr 2015 stammt aus der regionalen Presse. \u00a0 Stra\u00dfe Jahr 2010 2015 Durchn. Fahzezuge\u2026","rel":"","context":"In &quot;Argumente&quot;","block_context":{"text":"Argumente","link":"https:\/\/keine-osttangente.de\/?cat=5"},"img":{"alt_text":"","src":"","width":0,"height":0},"classes":[]}],"jetpack_likes_enabled":true,"jetpack_sharing_enabled":true,"_links":{"self":[{"href":"https:\/\/keine-osttangente.de\/index.php?rest_route=\/wp\/v2\/posts\/2273"}],"collection":[{"href":"https:\/\/keine-osttangente.de\/index.php?rest_route=\/wp\/v2\/posts"}],"about":[{"href":"https:\/\/keine-osttangente.de\/index.php?rest_route=\/wp\/v2\/types\/post"}],"author":[{"embeddable":true,"href":"https:\/\/keine-osttangente.de\/index.php?rest_route=\/wp\/v2\/users\/3"}],"replies":[{"embeddable":true,"href":"https:\/\/keine-osttangente.de\/index.php?rest_route=%2Fwp%2Fv2%2Fcomments&post=2273"}],"version-history":[{"count":7,"href":"https:\/\/keine-osttangente.de\/index.php?rest_route=\/wp\/v2\/posts\/2273\/revisions"}],"predecessor-version":[{"id":2283,"href":"https:\/\/keine-osttangente.de\/index.php?rest_route=\/wp\/v2\/posts\/2273\/revisions\/2283"}],"wp:attachment":[{"href":"https:\/\/keine-osttangente.de\/index.php?rest_route=%2Fwp%2Fv2%2Fmedia&parent=2273"}],"wp:term":[{"taxonomy":"category","embeddable":true,"href":"https:\/\/keine-osttangente.de\/index.php?rest_route=%2Fwp%2Fv2%2Fcategories&post=2273"},{"taxonomy":"post_tag","embeddable":true,"href":"https:\/\/keine-osttangente.de\/index.php?rest_route=%2Fwp%2Fv2%2Ftags&post=2273"}],"curies":[{"name":"wp","href":"https:\/\/api.w.org\/{rel}","templated":true}]}}