{"id":2266,"date":"2021-12-07T10:57:07","date_gmt":"2021-12-07T10:57:07","guid":{"rendered":"http:\/\/keine-osttangente.de\/?p=2266"},"modified":"2021-12-07T10:58:54","modified_gmt":"2021-12-07T10:58:54","slug":"infobrief-nr-4","status":"publish","type":"post","link":"https:\/\/keine-osttangente.de\/?p=2266","title":{"rendered":"Infobrief Nr. 4"},"content":{"rendered":"<p>Unser vierter Informationsbrief ist online.<br \/>\nWir w\u00fcnschen allen eine sch\u00f6ne Advents- und Weihnachtszeit und ein gesundes Jahr 2022.<\/p>\n<p>Hier k\u00f6nnen Sie unseren <a href=\"https:\/\/keine-osttangente.de\/wp-content\/uploads\/2021\/12\/InfobriefAKO-04_2021.pdf\">InfobriefAKO 04_2021\u00a0<\/a>herunterladen<\/p>\n","protected":false},"excerpt":{"rendered":"<p>Unser vierter Informationsbrief ist online. Wir w\u00fcnschen allen eine sch\u00f6ne Advents- und Weihnachtszeit und ein gesundes Jahr 2022. Hier k\u00f6nnen Sie unseren InfobriefAKO 04_2021\u00a0herunterladen<\/p>\n","protected":false},"author":3,"featured_media":0,"comment_status":"closed","ping_status":"closed","sticky":false,"template":"","format":"standard","meta":{"jetpack_post_was_ever_published":false,"_jetpack_newsletter_access":"","_jetpack_dont_email_post_to_subs":false,"_jetpack_newsletter_tier_id":0,"footnotes":"","jetpack_publicize_message":"","jetpack_publicize_feature_enabled":true,"jetpack_social_post_already_shared":true,"jetpack_social_options":{"image_generator_settings":{"template":"highway","enabled":false}}},"categories":[4],"tags":[181,180],"jetpack_publicize_connections":[],"jetpack_featured_media_url":"","jetpack_shortlink":"https:\/\/wp.me\/p8dGOP-Ay","jetpack-related-posts":[{"id":2408,"url":"https:\/\/keine-osttangente.de\/?p=2408","url_meta":{"origin":2266,"position":0},"title":"Infobrief No. 7 Februar 2024","author":"Wolfhard von Thienen","date":"4. Februar 2024","format":false,"excerpt":"Infobrief AKO 07_2024 \u00a0","rel":"","context":"In &quot;Allgemein&quot;","block_context":{"text":"Allgemein","link":"https:\/\/keine-osttangente.de\/?cat=4"},"img":{"alt_text":"","src":"","width":0,"height":0},"classes":[]},{"id":2445,"url":"https:\/\/keine-osttangente.de\/?p=2445","url_meta":{"origin":2266,"position":1},"title":"AKO-Infobrief 08 vom Juli 2024 ist online","author":"Wolfhard von Thienen","date":"8. Juli 2024","format":false,"excerpt":"Infobrief AKO 08_2024_Internet","rel":"","context":"In &quot;Allgemein&quot;","block_context":{"text":"Allgemein","link":"https:\/\/keine-osttangente.de\/?cat=4"},"img":{"alt_text":"","src":"","width":0,"height":0},"classes":[]},{"id":2578,"url":"https:\/\/keine-osttangente.de\/?p=2578","url_meta":{"origin":2266,"position":2},"title":"Infobrief Nr. 9 Aktionsb\u00fcndnis Keine Osttangente A-KO","author":"Wolfhard von Thienen","date":"22. Juni 2025","format":false,"excerpt":"Infobrief Nr. 9 Aktionsb\u00fcndnis Keine Osttangente A-KO Juni 2025 Liebe Leserinnen und Leser, liebe an Informationen zur Osttangente und zu Alternativen dazu Interessierte, Sie erhalten hiermit den neunten Infobrief der Aktionsb\u00fcndnisses Keine Osttangente-AKO zur Osttangente und zu allgemeinen Mobilit\u00e4tsthemen. \u00dcber Anregungen, Lob aber auch Kritik freuen wir uns nat\u00fcrlich \u2013\u2026","rel":"","context":"In &quot;Nachrichten zur Mobilit\u00e4t&quot;","block_context":{"text":"Nachrichten zur Mobilit\u00e4t","link":"https:\/\/keine-osttangente.de\/?cat=106"},"img":{"alt_text":"","src":"","width":0,"height":0},"classes":[]},{"id":1999,"url":"https:\/\/keine-osttangente.de\/?p=1999","url_meta":{"origin":2266,"position":3},"title":"Lasst uns in eine umwelt- und klimafreundliche Mobilit\u00e4t investieren","author":"Wolfhard von Thienen","date":"4. Mai 2020","format":false,"excerpt":"In einer fast schon unversch\u00e4mten Manier fordern die Cheflobbyistin der Automobilindustrie, Hildegard M\u00fcller, sowie VW-Chef Dries eine Pr\u00e4mie f\u00fcr den Kauf von Neuwagen. Auch die Ministerpr\u00e4sidenten Baden-W\u00fcrttembergs, Bayerns und Niedersachens blasen in das gleiche Horn. Dabei sollen nicht nur Elektrofahrzeuge sondern auch die nicht gerade umweltfreundlichen Plug-In-Hybriden sowie schadstoffarme Benziner\u2026","rel":"","context":"In &quot;Neue Mobilit\u00e4tskonzepte&quot;","block_context":{"text":"Neue Mobilit\u00e4tskonzepte","link":"https:\/\/keine-osttangente.de\/?cat=107"},"img":{"alt_text":"","src":"","width":0,"height":0},"classes":[]},{"id":1031,"url":"https:\/\/keine-osttangente.de\/?p=1031","url_meta":{"origin":2266,"position":4},"title":"Einspruch Kinder- und jugendfreundliches Mering e.V.","author":"Wolfhard von Thienen","date":"21. April 2016","format":"aside","excerpt":"Einspruch Kinder- und jugendfreundliches Mering e.V. An das Bundesministerium f\u00fcr Verkehr und digitale Infrastruktur Referat G12 Invalidenstr. 44 10115 Berlin\u00a0\u00a0\u00a0\u00a0\u00a0\u00a0\u00a0\u00a0\u00a0\u00a0\u00a0\u00a0\u00a0\u00a0\u00a0\u00a0\u00a0\u00a0\u00a0\u00a0\u00a0\u00a0\u00a0\u00a0\u00a0\u00a0\u00a0\u00a0\u00a0\u00a0\u00a0\u00a0\u00a0\u00a0\u00a0\u00a0\u00a0\u00a0\u00a0\u00a0\u00a0\u00a0\u00a0\u00a0\u00a0\u00a0\u00a0\u00a0\u00a0\u00a0\u00a0\u00a0\u00a0\u00a0\u00a0\u00a0\u00a0\u00a0\u00a0\u00a0\u00a0\u00a0\u00a0\u00a0\u00a0\u00a0 ,den 15.4.2016 BVWP 2030 Projektnummer B002-G080-BY Osttangente Augsburg Sehr geehrte Damen und Herren, Gegen den Entwurf des Bundesverkehrswegeplanes legen wir aus folgenden gr\u00fcnden Einspruch ein. Bei der geplanten Osttangente handelt\u2026","rel":"","context":"In &quot;Allgemein&quot;","block_context":{"text":"Allgemein","link":"https:\/\/keine-osttangente.de\/?cat=4"},"img":{"alt_text":"","src":"","width":0,"height":0},"classes":[]},{"id":55,"url":"https:\/\/keine-osttangente.de\/?p=55","url_meta":{"origin":2266,"position":5},"title":"Bedrohte Naherholungsgebiete","author":"Admin","date":"22. Mai 2015","format":false,"excerpt":"Die geplante Osttangente wird wichtige Naherholungsgebiete der Region durchqueren. Auf der Fl\u00e4che zwischen K\u00f6nigsbrunn und Lech haben sich kleine Landwirtschaftsbetriebe, Pferdez\u00fcchter und Gastronomen angesiedelt und es wird ausgiebig als Naherholungsgebiet genutzt. Die Osttangente wird mitten durch dieses Gebiet f\u00fchren und es damit als Lebensmittelpunkt und Erholungsort bedrohen. Die Naherholungsgebiete am\u2026","rel":"","context":"In &quot;Argumente&quot;","block_context":{"text":"Argumente","link":"https:\/\/keine-osttangente.de\/?cat=5"},"img":{"alt_text":"","src":"","width":0,"height":0},"classes":[]}],"jetpack_likes_enabled":true,"jetpack_sharing_enabled":true,"_links":{"self":[{"href":"https:\/\/keine-osttangente.de\/index.php?rest_route=\/wp\/v2\/posts\/2266"}],"collection":[{"href":"https:\/\/keine-osttangente.de\/index.php?rest_route=\/wp\/v2\/posts"}],"about":[{"href":"https:\/\/keine-osttangente.de\/index.php?rest_route=\/wp\/v2\/types\/post"}],"author":[{"embeddable":true,"href":"https:\/\/keine-osttangente.de\/index.php?rest_route=\/wp\/v2\/users\/3"}],"replies":[{"embeddable":true,"href":"https:\/\/keine-osttangente.de\/index.php?rest_route=%2Fwp%2Fv2%2Fcomments&post=2266"}],"version-history":[{"count":1,"href":"https:\/\/keine-osttangente.de\/index.php?rest_route=\/wp\/v2\/posts\/2266\/revisions"}],"predecessor-version":[{"id":2269,"href":"https:\/\/keine-osttangente.de\/index.php?rest_route=\/wp\/v2\/posts\/2266\/revisions\/2269"}],"wp:attachment":[{"href":"https:\/\/keine-osttangente.de\/index.php?rest_route=%2Fwp%2Fv2%2Fmedia&parent=2266"}],"wp:term":[{"taxonomy":"category","embeddable":true,"href":"https:\/\/keine-osttangente.de\/index.php?rest_route=%2Fwp%2Fv2%2Fcategories&post=2266"},{"taxonomy":"post_tag","embeddable":true,"href":"https:\/\/keine-osttangente.de\/index.php?rest_route=%2Fwp%2Fv2%2Ftags&post=2266"}],"curies":[{"name":"wp","href":"https:\/\/api.w.org\/{rel}","templated":true}]}}