{"id":2242,"date":"2021-10-26T10:06:19","date_gmt":"2021-10-26T10:06:19","guid":{"rendered":"http:\/\/keine-osttangente.de\/?p=2242"},"modified":"2021-10-26T10:06:19","modified_gmt":"2021-10-26T10:06:19","slug":"10-punkte-papier-mobilitaetswende","status":"publish","type":"post","link":"https:\/\/keine-osttangente.de\/?p=2242","title":{"rendered":"10-Punkte-Papier Mobilit\u00e4tswende"},"content":{"rendered":"<p>Nachdem die Ergebnisse der Sondierungen ver\u00f6ffentlicht wurden zeigen sich insbesondere Klimasch\u00fctzer und Umweltverb\u00e4nde entt\u00e4uscht. Es werden Aussagen zur dringend notwendigen Mobilit\u00e4tswende vermisst. Bund Naturschutz, Greenpeace, Klimaallianz, Campact und viele andere Verb\u00e4nde haben ein gemeinsames 10-Punkte-Papier mit Forderungen zur Mobilit\u00e4tswende an die Koalition\u00e4re formuliert.<\/p>\n<p><a href=\"https:\/\/keine-osttangente.de\/wp-content\/uploads\/2021\/10\/10-Punkte-Papier-Mobilitaetswende-5.pdf\">10-Punkte-Papier Mobilitaetswende<\/a><\/p>\n<p><a href=\"https:\/\/keine-osttangente.de\/wp-content\/uploads\/2021\/10\/10-Punkte-Papier-Mobilitaetswende-5.pdf\"><img loading=\"lazy\" decoding=\"async\" data-attachment-id=\"2259\" data-permalink=\"https:\/\/keine-osttangente.de\/?attachment_id=2259\" data-orig-file=\"https:\/\/i0.wp.com\/keine-osttangente.de\/wp-content\/uploads\/2021\/10\/21-10-22_DNR_10-Punkte-Papier-Mobilit\u00e4tswende-001.jpg?fit=1191%2C1684&amp;ssl=1\" data-orig-size=\"1191,1684\" data-comments-opened=\"0\" data-image-meta=\"{&quot;aperture&quot;:&quot;0&quot;,&quot;credit&quot;:&quot;&quot;,&quot;camera&quot;:&quot;&quot;,&quot;caption&quot;:&quot;&quot;,&quot;created_timestamp&quot;:&quot;0&quot;,&quot;copyright&quot;:&quot;&quot;,&quot;focal_length&quot;:&quot;0&quot;,&quot;iso&quot;:&quot;0&quot;,&quot;shutter_speed&quot;:&quot;0&quot;,&quot;title&quot;:&quot;&quot;,&quot;orientation&quot;:&quot;0&quot;}\" data-image-title=\"21-10-22_DNR_10-Punkte-Papier Mobilit\u00e4tswende-001\" data-image-description=\"\" data-image-caption=\"\" data-medium-file=\"https:\/\/i0.wp.com\/keine-osttangente.de\/wp-content\/uploads\/2021\/10\/21-10-22_DNR_10-Punkte-Papier-Mobilit\u00e4tswende-001.jpg?fit=212%2C300&amp;ssl=1\" data-large-file=\"https:\/\/i0.wp.com\/keine-osttangente.de\/wp-content\/uploads\/2021\/10\/21-10-22_DNR_10-Punkte-Papier-Mobilit\u00e4tswende-001.jpg?fit=474%2C670&amp;ssl=1\" class=\"alignnone  wp-image-2259\" src=\"https:\/\/i0.wp.com\/keine-osttangente.de\/wp-content\/uploads\/2021\/10\/21-10-22_DNR_10-Punkte-Papier-Mobilit\u00e4tswende-001.jpg?resize=474%2C671&#038;ssl=1\" alt=\"\" width=\"474\" height=\"671\" srcset=\"https:\/\/i0.wp.com\/keine-osttangente.de\/wp-content\/uploads\/2021\/10\/21-10-22_DNR_10-Punkte-Papier-Mobilit\u00e4tswende-001.jpg?resize=212%2C300&amp;ssl=1 212w, https:\/\/i0.wp.com\/keine-osttangente.de\/wp-content\/uploads\/2021\/10\/21-10-22_DNR_10-Punkte-Papier-Mobilit\u00e4tswende-001.jpg?resize=768%2C1086&amp;ssl=1 768w, https:\/\/i0.wp.com\/keine-osttangente.de\/wp-content\/uploads\/2021\/10\/21-10-22_DNR_10-Punkte-Papier-Mobilit\u00e4tswende-001.jpg?resize=724%2C1024&amp;ssl=1 724w, https:\/\/i0.wp.com\/keine-osttangente.de\/wp-content\/uploads\/2021\/10\/21-10-22_DNR_10-Punkte-Papier-Mobilit\u00e4tswende-001.jpg?w=1191&amp;ssl=1 1191w\" sizes=\"(max-width: 474px) 100vw, 474px\" data-recalc-dims=\"1\" \/><\/a><img loading=\"lazy\" decoding=\"async\" data-attachment-id=\"2260\" data-permalink=\"https:\/\/keine-osttangente.de\/?attachment_id=2260\" data-orig-file=\"https:\/\/i0.wp.com\/keine-osttangente.de\/wp-content\/uploads\/2021\/10\/21-10-22_DNR_10-Punkte-Papier-Mobilit\u00e4tswende-002.jpg?fit=1191%2C1684&amp;ssl=1\" data-orig-size=\"1191,1684\" data-comments-opened=\"0\" data-image-meta=\"{&quot;aperture&quot;:&quot;0&quot;,&quot;credit&quot;:&quot;&quot;,&quot;camera&quot;:&quot;&quot;,&quot;caption&quot;:&quot;&quot;,&quot;created_timestamp&quot;:&quot;0&quot;,&quot;copyright&quot;:&quot;&quot;,&quot;focal_length&quot;:&quot;0&quot;,&quot;iso&quot;:&quot;0&quot;,&quot;shutter_speed&quot;:&quot;0&quot;,&quot;title&quot;:&quot;&quot;,&quot;orientation&quot;:&quot;0&quot;}\" data-image-title=\"21-10-22_DNR_10-Punkte-Papier Mobilit\u00e4tswende-002\" data-image-description=\"\" data-image-caption=\"\" data-medium-file=\"https:\/\/i0.wp.com\/keine-osttangente.de\/wp-content\/uploads\/2021\/10\/21-10-22_DNR_10-Punkte-Papier-Mobilit\u00e4tswende-002.jpg?fit=212%2C300&amp;ssl=1\" data-large-file=\"https:\/\/i0.wp.com\/keine-osttangente.de\/wp-content\/uploads\/2021\/10\/21-10-22_DNR_10-Punkte-Papier-Mobilit\u00e4tswende-002.jpg?fit=474%2C670&amp;ssl=1\" class=\"alignnone  wp-image-2260\" src=\"https:\/\/i0.wp.com\/keine-osttangente.de\/wp-content\/uploads\/2021\/10\/21-10-22_DNR_10-Punkte-Papier-Mobilit\u00e4tswende-002.jpg?resize=474%2C671&#038;ssl=1\" alt=\"\" width=\"474\" height=\"671\" srcset=\"https:\/\/i0.wp.com\/keine-osttangente.de\/wp-content\/uploads\/2021\/10\/21-10-22_DNR_10-Punkte-Papier-Mobilit\u00e4tswende-002.jpg?resize=212%2C300&amp;ssl=1 212w, https:\/\/i0.wp.com\/keine-osttangente.de\/wp-content\/uploads\/2021\/10\/21-10-22_DNR_10-Punkte-Papier-Mobilit\u00e4tswende-002.jpg?resize=768%2C1086&amp;ssl=1 768w, https:\/\/i0.wp.com\/keine-osttangente.de\/wp-content\/uploads\/2021\/10\/21-10-22_DNR_10-Punkte-Papier-Mobilit\u00e4tswende-002.jpg?resize=724%2C1024&amp;ssl=1 724w, https:\/\/i0.wp.com\/keine-osttangente.de\/wp-content\/uploads\/2021\/10\/21-10-22_DNR_10-Punkte-Papier-Mobilit\u00e4tswende-002.jpg?w=1191&amp;ssl=1 1191w, https:\/\/i0.wp.com\/keine-osttangente.de\/wp-content\/uploads\/2021\/10\/21-10-22_DNR_10-Punkte-Papier-Mobilit\u00e4tswende-002.jpg?w=948&amp;ssl=1 948w\" sizes=\"(max-width: 474px) 100vw, 474px\" data-recalc-dims=\"1\" \/><\/p>\n","protected":false},"excerpt":{"rendered":"<p>Nachdem die Ergebnisse der Sondierungen ver\u00f6ffentlicht wurden zeigen sich insbesondere Klimasch\u00fctzer und Umweltverb\u00e4nde entt\u00e4uscht. Es werden Aussagen zur dringend notwendigen Mobilit\u00e4tswende vermisst. Bund Naturschutz, Greenpeace, Klimaallianz, Campact und viele andere Verb\u00e4nde haben ein gemeinsames 10-Punkte-Papier mit Forderungen zur Mobilit\u00e4tswende an die Koalition\u00e4re formuliert. 10-Punkte-Papier Mobilitaetswende<\/p>\n","protected":false},"author":3,"featured_media":0,"comment_status":"closed","ping_status":"closed","sticky":false,"template":"","format":"standard","meta":{"jetpack_post_was_ever_published":false,"_jetpack_newsletter_access":"","_jetpack_dont_email_post_to_subs":false,"_jetpack_newsletter_tier_id":0,"footnotes":"","jetpack_publicize_message":"","jetpack_publicize_feature_enabled":true,"jetpack_social_post_already_shared":true,"jetpack_social_options":{"image_generator_settings":{"template":"highway","enabled":false}}},"categories":[4,106],"tags":[],"jetpack_publicize_connections":[],"jetpack_featured_media_url":"","jetpack_shortlink":"https:\/\/wp.me\/p8dGOP-Aa","jetpack-related-posts":[{"id":2563,"url":"https:\/\/keine-osttangente.de\/?p=2563","url_meta":{"origin":2242,"position":0},"title":"Aktuelle verkehrsrechtliche Entscheidungen","author":"Wolfhard von Thienen","date":"23. M\u00e4rz 2025","format":false,"excerpt":"Hier findet sich ein gut lesbarer Text zu aktuellen rechtlichen Entwicklungen im Verkehr mit vielen Hinweisen zur Umsetzung der Mobilit\u00e4tswende in unseren Kommunen. 250225 ARL Positionspapier 153 - Aktuelle verkehrsrechtliche Entscheidungen","rel":"","context":"In &quot;Nachrichten zur Mobilit\u00e4t&quot;","block_context":{"text":"Nachrichten zur Mobilit\u00e4t","link":"https:\/\/keine-osttangente.de\/?cat=106"},"img":{"alt_text":"","src":"","width":0,"height":0},"classes":[]},{"id":1994,"url":"https:\/\/keine-osttangente.de\/?p=1994","url_meta":{"origin":2242,"position":1},"title":"Corona f\u00fcr Mobilit\u00e4tswende nutzen","author":"Wolfhard von Thienen","date":"3. Mai 2020","format":false,"excerpt":"W\u00e4hrend Verkehrsminister Scheuer letzte Woche davon fantasierte, die Wirtschaft mit der z\u00fcgigen Umsetzung von Stra\u00dfenprojekten anzukurbeln und die Automobilindustrie eine erneute Kaufpr\u00e4mie fordert, gibt es vermehrt Stimmen, die verlangen, dass die anstehenden Wirtschaftsf\u00f6rderungen daf\u00fcr genutzt werden soll, umweltfreundliche Technologien und Infrastrukturen zu f\u00f6rdern. Es geht aber auch schnell und einfacher\u2026","rel":"","context":"In &quot;Nachrichten zur Mobilit\u00e4t&quot;","block_context":{"text":"Nachrichten zur Mobilit\u00e4t","link":"https:\/\/keine-osttangente.de\/?cat=106"},"img":{"alt_text":"","src":"","width":0,"height":0},"classes":[]},{"id":2546,"url":"https:\/\/keine-osttangente.de\/?p=2546","url_meta":{"origin":2242,"position":2},"title":"Tesla boykottieren?","author":"Wolfhard von Thienen","date":"4. Januar 2025","format":false,"excerpt":"Teslas sind nur vordergr\u00fcndig umweltschonend und Teil einer dringend notwendigen Mobilit\u00e4tswende. Sie sind gro\u00df und schwer,\u00a0 So wiegt der monstr\u00f6se Cyber-Truck mehr als 3 Tonnen, doppelt so viel wie ein Zoe von Renault. Und, wie sich jetzt gerade zeigt, unterst\u00fctzt der Chef von Tesla, Elon Musk, ganz offen die AfD,\u2026","rel":"","context":"In &quot;Allgemein&quot;","block_context":{"text":"Allgemein","link":"https:\/\/keine-osttangente.de\/?cat=4"},"img":{"alt_text":"","src":"https:\/\/i0.wp.com\/img.youtube.com\/vi\/\/0.jpg?resize=350%2C200","width":350,"height":200},"classes":[]},{"id":1738,"url":"https:\/\/keine-osttangente.de\/?p=1738","url_meta":{"origin":2242,"position":3},"title":"Presserkl\u00e4rung zur sogenannten W\u00f6rle-Spange","author":"Wolfhard von Thienen","date":"30. M\u00e4rz 2019","format":false,"excerpt":"Presseerkl\u00e4rung Aktionsb\u00fcndnis Keine Osttangente (A-KO) zur W\u00f6rle-Spange Mit den Planspielen des Gersthofener B\u00fcrgermeisters W\u00f6rle wird deutlich, worauf das Aktionsb\u00fcndnis Keine Osttangente (A-KO) immer wieder hinweist: Die Osttangente ist kein harmloser Zusammenschluss von segensreichen Ortsumgehungen sondern eine neue \u00fcberregionale Verkehrsachse f\u00fcr den Gro\u00dfraum Augsburg\/M\u00fcnchen. Gerade eben haben die Planungen begonnen, schon\u2026","rel":"","context":"In &quot;Allgemein&quot;","block_context":{"text":"Allgemein","link":"https:\/\/keine-osttangente.de\/?cat=4"},"img":{"alt_text":"","src":"","width":0,"height":0},"classes":[]},{"id":2640,"url":"https:\/\/keine-osttangente.de\/?p=2640","url_meta":{"origin":2242,"position":4},"title":"Bericht \u00fcber unseren Aktionstag Verkehrsberuhigtes Mering","author":"Wolfhard von Thienen","date":"7. Februar 2026","format":false,"excerpt":"Unser Aktionstag war ein Erfolg. Trotz schlechter Wetterprognose nahmen ca. 70 Personen an unserer Demo teil und nser Info-und Mitmachstand am Marktplatz fand reichlich Zuspruch. Hier auch ein Bericht der Friedberger Allgemeinen https:\/\/www.augsburger-allgemeine.de\/friedberg\/mering-kundgebung-fordert-mehr-sicherheit-fuer-verkehrsteilnehmer-113381309 Auch a-tv berichtetete (ab Min. 11.49) \u00a0 \u00a0","rel":"","context":"In &quot;Neue Mobilit\u00e4tskonzepte&quot;","block_context":{"text":"Neue Mobilit\u00e4tskonzepte","link":"https:\/\/keine-osttangente.de\/?cat=107"},"img":{"alt_text":"","src":"https:\/\/i0.wp.com\/keine-osttangente.de\/wp-content\/uploads\/2026\/02\/20260206_152101-scaled.jpg?fit=1200%2C764&ssl=1&resize=350%2C200","width":350,"height":200,"srcset":"https:\/\/i0.wp.com\/keine-osttangente.de\/wp-content\/uploads\/2026\/02\/20260206_152101-scaled.jpg?fit=1200%2C764&ssl=1&resize=350%2C200 1x, https:\/\/i0.wp.com\/keine-osttangente.de\/wp-content\/uploads\/2026\/02\/20260206_152101-scaled.jpg?fit=1200%2C764&ssl=1&resize=525%2C300 1.5x, https:\/\/i0.wp.com\/keine-osttangente.de\/wp-content\/uploads\/2026\/02\/20260206_152101-scaled.jpg?fit=1200%2C764&ssl=1&resize=700%2C400 2x, https:\/\/i0.wp.com\/keine-osttangente.de\/wp-content\/uploads\/2026\/02\/20260206_152101-scaled.jpg?fit=1200%2C764&ssl=1&resize=1050%2C600 3x"},"classes":[]},{"id":2164,"url":"https:\/\/keine-osttangente.de\/?p=2164","url_meta":{"origin":2242,"position":5},"title":"Radfahren in Aichach-Friedberg &#8211; das Radverkehrskonzept des Landkreises","author":"Wolfhard von Thienen","date":"21. April 2021","format":false,"excerpt":"Online-Vortrag von Wolfhard von Thienen\u00a0 am 4. Mai 2021, 19 - 21 Uhr Der Landkreis Aichach-Friedberg hat sich viel in Richtung Radverkehr vorgenommen. Dazu wurde ein zukunftsweisendes Radverkehrskonzept im Auftrag des Landkreises entwickelt. Leider liegt dieses Konzept bisher lediglich als recht umfangreiches technisches Dokument vor, das eher etwas f\u00fcr Fachleute\u2026","rel":"","context":"In &quot;Allgemein&quot;","block_context":{"text":"Allgemein","link":"https:\/\/keine-osttangente.de\/?cat=4"},"img":{"alt_text":"","src":"https:\/\/i0.wp.com\/keine-osttangente.de\/wp-content\/uploads\/2021\/04\/P1060193-300x225.jpg?resize=350%2C200","width":350,"height":200},"classes":[]}],"jetpack_likes_enabled":true,"jetpack_sharing_enabled":true,"_links":{"self":[{"href":"https:\/\/keine-osttangente.de\/index.php?rest_route=\/wp\/v2\/posts\/2242"}],"collection":[{"href":"https:\/\/keine-osttangente.de\/index.php?rest_route=\/wp\/v2\/posts"}],"about":[{"href":"https:\/\/keine-osttangente.de\/index.php?rest_route=\/wp\/v2\/types\/post"}],"author":[{"embeddable":true,"href":"https:\/\/keine-osttangente.de\/index.php?rest_route=\/wp\/v2\/users\/3"}],"replies":[{"embeddable":true,"href":"https:\/\/keine-osttangente.de\/index.php?rest_route=%2Fwp%2Fv2%2Fcomments&post=2242"}],"version-history":[{"count":7,"href":"https:\/\/keine-osttangente.de\/index.php?rest_route=\/wp\/v2\/posts\/2242\/revisions"}],"predecessor-version":[{"id":2264,"href":"https:\/\/keine-osttangente.de\/index.php?rest_route=\/wp\/v2\/posts\/2242\/revisions\/2264"}],"wp:attachment":[{"href":"https:\/\/keine-osttangente.de\/index.php?rest_route=%2Fwp%2Fv2%2Fmedia&parent=2242"}],"wp:term":[{"taxonomy":"category","embeddable":true,"href":"https:\/\/keine-osttangente.de\/index.php?rest_route=%2Fwp%2Fv2%2Fcategories&post=2242"},{"taxonomy":"post_tag","embeddable":true,"href":"https:\/\/keine-osttangente.de\/index.php?rest_route=%2Fwp%2Fv2%2Ftags&post=2242"}],"curies":[{"name":"wp","href":"https:\/\/api.w.org\/{rel}","templated":true}]}}