{"id":2216,"date":"2021-08-01T17:06:05","date_gmt":"2021-08-01T17:06:05","guid":{"rendered":"http:\/\/keine-osttangente.de\/?p=2216"},"modified":"2021-08-16T15:07:07","modified_gmt":"2021-08-16T15:07:07","slug":"mering-digital-diskreditiert-sich-selbst","status":"publish","type":"post","link":"https:\/\/keine-osttangente.de\/?p=2216","title":{"rendered":"Mering Digital diskreditiert sich selbst"},"content":{"rendered":"<p>Der k\u00fcrzlich gegr\u00fcndete Verein <strong>Mering Digital<\/strong> ist an sich eine gute Sache. Der Verein will eine Plattform f\u00fcr Firmen, Gesch\u00e4fte und Vereine bieten, auf der diese sich und ihre Dienstleistungen pr\u00e4sentieren, Veranstaltungen ank\u00fcndigen und sonstige Infos bereitstellen und austauschen k\u00f6nnen. So fand der Verein schnell viele Unterst\u00fctzer und Mitglieder, die das bunte Spektrum Meringer Kultur, Gewerbe und Parteien widerspiegeln. Auch B\u00fcrgermeister Florian Mayer machte sich f\u00fcr den Verein stark.<\/p>\n<p>Jetzt ist der Verein unter seinen Vorst\u00e4nden Lothar Haupt und Alexander Graf allerdings ziemlich ins Fettn\u00e4pfchen getappt. Unter dem suggestiven Titel &#8222;<strong>Verkehrschaos ja oder nein&#8220;<\/strong> wurde zur Bundestagswahl eine Online-Umfrage zur <strong>Osttangente<\/strong> und zum Meringer Verkehr gestartet. Im Interview mit der Friedberger Allgemeinen wurde gegen das Aktionsb\u00fcndnis Keine Osttangente AK-O ausgeteilt: Man wolle jetzt endlich den \u201e<em>normalen B\u00fcrgern\u2026 die jeden Tag auf unseren Stra\u00dfen unterwegs sind<\/em>\u201c eine Plattform bieten im Kontrast zu denjenigen \u201e<em>die am lautesten schreien<\/em>\u201c.<\/p>\n<p>Suggestiv wie der Titel, werden dann auch 30 ebenfalls recht einseitig Fragen zum Verkehr gestellt, bei denen sich alles um die Belange des motorisierten Verkehrs dreht. Die Osttangente, in ihrer Gesamtheit als kreuzungsfrei Schnellstra\u00dfe zur A8, taucht in der Umfrage gar nicht auf. Fragen wie Auswirkungen des Verkehrs auf Umwelt, Klima, L\u00e4rmbelastung und Naherholung werden nicht gestellt. Vielmehr werden diverse und bekannte Problemstellen f\u00fcr Autofahrer wie z.B. Mering Nord, der Kreisel an der H\u00f6rmannsberger Str. oder die Bahnunterf\u00fchrung der M\u00fcnchener Stra\u00dfe abgefragt. Es fehlen Fragen zum \u00d6PNV, Fahrrad- und Fu\u00dfwegen und Verkehrsberuhigung des Innenortes, Fragen zu Mobilit\u00e4tsanforderungen von Kindern, Jugendlichen oder Senioren usw.. Dies geht vollkommen am berechtigten Ziel vorbei, die Meinung der Bev\u00f6lkerung in Sachen Osttangente und Verkehr in und um Mering herauszufinden.<\/p>\n<p>Mitglieder des Vereins, die insgesamt durchaus ein sehr breites Meinungs- und Politikspektrum bieten, wurden weder bei der Konzeption der Umfrage eingebunden noch gefragt, ob sie dieser Umfrage zustimmen. Mit einer professionell und repr\u00e4sentativen Befragung der Bev\u00f6lkerung zur Verkehrspolitik in der Region hat das alles leider wenig zu tun. Ein Verein wie Mering Digital sollte der ganzen Meringer Bev\u00f6lkerung verpflichtet sein und sich thematisch und politisch neutral verhalten, ansonsten verliert er den Anspruch eine digitale Plattform f\u00fcr alle zu sein und gef\u00e4hrdet sein Ziel als gemeinn\u00fctzig anerkannt zu werden.<\/p>\n","protected":false},"excerpt":{"rendered":"<p>Der k\u00fcrzlich gegr\u00fcndete Verein Mering Digital ist an sich eine gute Sache. Der Verein will eine Plattform f\u00fcr Firmen, Gesch\u00e4fte und Vereine bieten, auf der diese sich und ihre Dienstleistungen pr\u00e4sentieren, Veranstaltungen ank\u00fcndigen und sonstige Infos bereitstellen und austauschen k\u00f6nnen. So fand der Verein schnell viele Unterst\u00fctzer und Mitglieder, die das bunte Spektrum Meringer Kultur, &hellip; <a href=\"https:\/\/keine-osttangente.de\/?p=2216\" class=\"more-link\"><span class=\"screen-reader-text\">Mering Digital diskreditiert sich selbst<\/span> weiterlesen <span class=\"meta-nav\">&rarr;<\/span><\/a><\/p>\n","protected":false},"author":3,"featured_media":0,"comment_status":"closed","ping_status":"closed","sticky":false,"template":"","format":"standard","meta":{"jetpack_post_was_ever_published":false,"_jetpack_newsletter_access":"","_jetpack_dont_email_post_to_subs":false,"_jetpack_newsletter_tier_id":0,"footnotes":"","jetpack_publicize_message":"","jetpack_publicize_feature_enabled":true,"jetpack_social_post_already_shared":true,"jetpack_social_options":{"image_generator_settings":{"template":"highway","enabled":false}}},"categories":[4],"tags":[175],"jetpack_publicize_connections":[],"jetpack_featured_media_url":"","jetpack_shortlink":"https:\/\/wp.me\/p8dGOP-zK","jetpack-related-posts":[{"id":1866,"url":"https:\/\/keine-osttangente.de\/?p=1866","url_meta":{"origin":2216,"position":0},"title":"AKO sieht deutliche Anzeichen f\u00fcr eine Verkehrswende und wachsenden Rechtfertigungsdruck f\u00fcr die Osttangente","author":"Wolfhard von Thienen","date":"18. Januar 2020","format":false,"excerpt":"Der Verein \u201eAKO-Alternative Konzepte f\u00fcr Mobilit\u00e4t e.V.\u201c traf sich zu seiner Jahreshauptversammlung Anfang Januar in Mering. Der Verein wurde durch die Mitglieder des Aktionsb\u00fcndnisses Keine Osttangente mit dem Zweck gebildet, umweltfreundliche Mobilit\u00e4tskonzepte zu entwickeln und das b\u00fcrgerliche Engagement bei der Durchf\u00fchrung von Verkehrsinfrastrukturprojekten zu unterst\u00fctzen. Neben der Koordination des Aktionsb\u00fcndnisses\u2026","rel":"","context":"In &quot;Allgemein&quot;","block_context":{"text":"Allgemein","link":"https:\/\/keine-osttangente.de\/?cat=4"},"img":{"alt_text":"","src":"https:\/\/i0.wp.com\/keine-osttangente.de\/wp-content\/uploads\/2020\/01\/PE_AKO_Vorstand_Jan2020-300x225.jpg?resize=350%2C200","width":350,"height":200},"classes":[]},{"id":691,"url":"https:\/\/keine-osttangente.de\/?p=691","url_meta":{"origin":2216,"position":1},"title":"Erkl\u00e4rung zum Beschluss des Margtgemeinderates Mering zur Ortsumfahrung Kissing vom 19.11.2015","author":"Wolfhard von Thienen","date":"24. November 2015","format":false,"excerpt":"Folgende Erkl\u00e4rung wurde beim letzten Organisationstreffen beschlossen, um dem Eindruck entgegen zu wirken, die Region sei einhellig f\u00fcr die Osttangente. Stellungnahme des Aktionsb\u00fcndnisses Keine Osttangente zum Beschluss des Meringer Marktgemeinderates zur Ortsumfahrung Kissing vom 19.11.2015 \u00a0 Seitens des Meringer Marktgemeinderates liegen jetzt zwei Beschl\u00fcsse vor, die sich im Zusammenhang mit\u2026","rel":"","context":"In &quot;Allgemein&quot;","block_context":{"text":"Allgemein","link":"https:\/\/keine-osttangente.de\/?cat=4"},"img":{"alt_text":"","src":"","width":0,"height":0},"classes":[]},{"id":1918,"url":"https:\/\/keine-osttangente.de\/?p=1918","url_meta":{"origin":2216,"position":2},"title":"Presseerkl\u00e4rung zu Kommunalwahl 2020","author":"Wolfhard von Thienen","date":"11. Februar 2020","format":false,"excerpt":"Presseerkl\u00e4rung AKO-Alternative Konzepte f\u00fcr Mobilit\u00e4t e.V. Osttangente und Mobilit\u00e4t \u2013 Wo stehen die Kandidaten in der Kommunalwahl 2020? Zweifellos, sie ist das gr\u00f6\u00dfte verkehrspolitische Vorhaben in unserer Region, die Osttangente. Diese autobahn\u00e4hnliche \u00fcberregionale Schnellstra\u00dfe wird gerade mit Hochdruck vom staatlichen Bauamt zwischen der B17 bei K\u00f6nigsbrunn und der A8 bei\u2026","rel":"","context":"In &quot;Politik&quot;","block_context":{"text":"Politik","link":"https:\/\/keine-osttangente.de\/?cat=153"},"img":{"alt_text":"","src":"","width":0,"height":0},"classes":[]},{"id":1884,"url":"https:\/\/keine-osttangente.de\/?p=1884","url_meta":{"origin":2216,"position":3},"title":"Kommunalwahl 2020 &#8211; Petra von Thienen","author":"Wolfhard von Thienen","date":"11. Februar 2020","format":false,"excerpt":"Petra von Thienen, B\u00fcrgermeisterkandidatin Mering, B\u00fcndnis 90\/Die Gr\u00fcnen Sind Sie f\u00fcr oder gegen die Osttangente, so wie sie im Bundesverkehrswegeplan definiert ist? Ich bin eine ganz klare Gegnerin der Osttangente, weil uns diese als Bundesstra\u00dfe getarnte Autobahn nur schaden wird. Sie wird uns in Mering Lebensqualit\u00e4t kosten, wertvolle Natur wird\u2026","rel":"","context":"In &quot;Allgemein&quot;","block_context":{"text":"Allgemein","link":"https:\/\/keine-osttangente.de\/?cat=4"},"img":{"alt_text":"","src":"","width":0,"height":0},"classes":[]},{"id":2164,"url":"https:\/\/keine-osttangente.de\/?p=2164","url_meta":{"origin":2216,"position":4},"title":"Radfahren in Aichach-Friedberg &#8211; das Radverkehrskonzept des Landkreises","author":"Wolfhard von Thienen","date":"21. April 2021","format":false,"excerpt":"Online-Vortrag von Wolfhard von Thienen\u00a0 am 4. Mai 2021, 19 - 21 Uhr Der Landkreis Aichach-Friedberg hat sich viel in Richtung Radverkehr vorgenommen. Dazu wurde ein zukunftsweisendes Radverkehrskonzept im Auftrag des Landkreises entwickelt. Leider liegt dieses Konzept bisher lediglich als recht umfangreiches technisches Dokument vor, das eher etwas f\u00fcr Fachleute\u2026","rel":"","context":"In &quot;Allgemein&quot;","block_context":{"text":"Allgemein","link":"https:\/\/keine-osttangente.de\/?cat=4"},"img":{"alt_text":"","src":"https:\/\/i0.wp.com\/keine-osttangente.de\/wp-content\/uploads\/2021\/04\/P1060193-300x225.jpg?resize=350%2C200","width":350,"height":200},"classes":[]},{"id":1907,"url":"https:\/\/keine-osttangente.de\/?p=1907","url_meta":{"origin":2216,"position":5},"title":"Kommunalwahl 2020 &#8211; Stefan Hummel","author":"Wolfhard von Thienen","date":"11. Februar 2020","format":false,"excerpt":"Stefan Hummel, B\u00fcrgermeisterkandidat Mering, SPD Hinweis: Die Beantwortung erfolgte ohne unmittelbaren Bezug zu unseren Fragen. Gerne nehme ich zu den von Ihnen aufgef\u00fchrten Fragen Stellung. Konzentriert habe ich mich bei der Beantwortung auf den Aufgaben- und Zust\u00e4ndigkeitsbereich als B\u00fcrgermeister. Die Verkehrswende und der damit verbundene Ausbau des \u00f6ffentlichen Nahverkehres genauso\u2026","rel":"","context":"In &quot;Allgemein&quot;","block_context":{"text":"Allgemein","link":"https:\/\/keine-osttangente.de\/?cat=4"},"img":{"alt_text":"","src":"","width":0,"height":0},"classes":[]}],"jetpack_likes_enabled":true,"jetpack_sharing_enabled":true,"_links":{"self":[{"href":"https:\/\/keine-osttangente.de\/index.php?rest_route=\/wp\/v2\/posts\/2216"}],"collection":[{"href":"https:\/\/keine-osttangente.de\/index.php?rest_route=\/wp\/v2\/posts"}],"about":[{"href":"https:\/\/keine-osttangente.de\/index.php?rest_route=\/wp\/v2\/types\/post"}],"author":[{"embeddable":true,"href":"https:\/\/keine-osttangente.de\/index.php?rest_route=\/wp\/v2\/users\/3"}],"replies":[{"embeddable":true,"href":"https:\/\/keine-osttangente.de\/index.php?rest_route=%2Fwp%2Fv2%2Fcomments&post=2216"}],"version-history":[{"count":3,"href":"https:\/\/keine-osttangente.de\/index.php?rest_route=\/wp\/v2\/posts\/2216\/revisions"}],"predecessor-version":[{"id":2219,"href":"https:\/\/keine-osttangente.de\/index.php?rest_route=\/wp\/v2\/posts\/2216\/revisions\/2219"}],"wp:attachment":[{"href":"https:\/\/keine-osttangente.de\/index.php?rest_route=%2Fwp%2Fv2%2Fmedia&parent=2216"}],"wp:term":[{"taxonomy":"category","embeddable":true,"href":"https:\/\/keine-osttangente.de\/index.php?rest_route=%2Fwp%2Fv2%2Fcategories&post=2216"},{"taxonomy":"post_tag","embeddable":true,"href":"https:\/\/keine-osttangente.de\/index.php?rest_route=%2Fwp%2Fv2%2Ftags&post=2216"}],"curies":[{"name":"wp","href":"https:\/\/api.w.org\/{rel}","templated":true}]}}