{"id":2092,"date":"2021-02-20T11:12:22","date_gmt":"2021-02-20T11:12:22","guid":{"rendered":"http:\/\/keine-osttangente.de\/?p=2092"},"modified":"2021-02-20T11:26:41","modified_gmt":"2021-02-20T11:26:41","slug":"kiebitze-gegen-osttangente","status":"publish","type":"post","link":"https:\/\/keine-osttangente.de\/?p=2092","title":{"rendered":"Kiebitze gegen Osttangente"},"content":{"rendered":"<p><img loading=\"lazy\" decoding=\"async\" data-attachment-id=\"2093\" data-permalink=\"https:\/\/keine-osttangente.de\/?attachment_id=2093\" data-orig-file=\"https:\/\/i0.wp.com\/keine-osttangente.de\/wp-content\/uploads\/2021\/02\/Kiebitz1_1.png?fit=1080%2C1080&amp;ssl=1\" data-orig-size=\"1080,1080\" data-comments-opened=\"1\" data-image-meta=\"{&quot;aperture&quot;:&quot;0&quot;,&quot;credit&quot;:&quot;&quot;,&quot;camera&quot;:&quot;&quot;,&quot;caption&quot;:&quot;&quot;,&quot;created_timestamp&quot;:&quot;0&quot;,&quot;copyright&quot;:&quot;&quot;,&quot;focal_length&quot;:&quot;0&quot;,&quot;iso&quot;:&quot;0&quot;,&quot;shutter_speed&quot;:&quot;0&quot;,&quot;title&quot;:&quot;&quot;,&quot;orientation&quot;:&quot;0&quot;}\" data-image-title=\"Kiebitz1_1\" data-image-description=\"\" data-image-caption=\"\" data-medium-file=\"https:\/\/i0.wp.com\/keine-osttangente.de\/wp-content\/uploads\/2021\/02\/Kiebitz1_1.png?fit=300%2C300&amp;ssl=1\" data-large-file=\"https:\/\/i0.wp.com\/keine-osttangente.de\/wp-content\/uploads\/2021\/02\/Kiebitz1_1.png?fit=474%2C474&amp;ssl=1\" class=\"alignnone size-medium wp-image-2093\" src=\"https:\/\/i0.wp.com\/keine-osttangente.de\/wp-content\/uploads\/2021\/02\/Kiebitz1_1.png?resize=300%2C300&#038;ssl=1\" alt=\"\" width=\"300\" height=\"300\" srcset=\"https:\/\/i0.wp.com\/keine-osttangente.de\/wp-content\/uploads\/2021\/02\/Kiebitz1_1.png?resize=300%2C300&amp;ssl=1 300w, https:\/\/i0.wp.com\/keine-osttangente.de\/wp-content\/uploads\/2021\/02\/Kiebitz1_1.png?resize=150%2C150&amp;ssl=1 150w, https:\/\/i0.wp.com\/keine-osttangente.de\/wp-content\/uploads\/2021\/02\/Kiebitz1_1.png?resize=768%2C768&amp;ssl=1 768w, https:\/\/i0.wp.com\/keine-osttangente.de\/wp-content\/uploads\/2021\/02\/Kiebitz1_1.png?resize=1024%2C1024&amp;ssl=1 1024w, https:\/\/i0.wp.com\/keine-osttangente.de\/wp-content\/uploads\/2021\/02\/Kiebitz1_1.png?w=1080&amp;ssl=1 1080w, https:\/\/i0.wp.com\/keine-osttangente.de\/wp-content\/uploads\/2021\/02\/Kiebitz1_1.png?w=948&amp;ssl=1 948w\" sizes=\"(max-width: 300px) 100vw, 300px\" data-recalc-dims=\"1\" \/><\/p>\n<p>Der NABU sucht wieder den Vogel des Jahres. Es stehen mehre V\u00f6gel zur Auswahl. Viele davon stehen auf der roten Liste bedrohter Arten.<\/p>\n<p>Jeder kann an der Wahl zum Vogel des Jahres teilnehmen und damit die Aufmerksamkeit der \u00d6ffentlichkeit auf diesen Vogel und seine meist bedrohten Lebensr\u00e4ume lenken.<\/p>\n<p>Man kann auch Wahlkampfteams f\u00fcr einzelne V\u00f6gel bilden. Die Teams, die f\u00fcr ihren Vogel die meisten Stimmen bekommen haben, k\u00f6nnen einen Preis gewinnen.<\/p>\n<p>AKO hat das Wahlteam &#8222;Kiebitze gegen die Osttangente&#8220; gebildet und <a href=\"https:\/\/www.vogeldesjahres.de\/wahl\/Kiebitz\/Kiebitze-gegen-Osttangente\/\">wir bitten alle an der Abstimmung teilzunehmen und f\u00fcr den Kiebitz zu stimmen<\/a>. Es gibt im Landkreis einige Vorkommen dieses stark bedrohten Vogels in der Lechebene (bei Merching, Mering, Kissing und Derching). Diese Vorhaben sind alle schon jetzt bedroht und befinden sich im permanenten Sinkflug. Leider wird die Osttangente genau durch diese Vorkommensgebiete f\u00fchren und man kann mit Sicherheit davon ausgehen, dass die Populationen des Kiebitz die Bau- und Betriebsphase nicht \u00fcberleben werden. Dies gilt nat\u00fcrlich nicht nur f\u00fcr den Kiebitz sondern auch f\u00fcr alle anderen Feld- und Wiesenbr\u00fcter wie z.B. die Feldlerche.<\/p>\n<p>Also, viel Spa\u00df und Erfolg bei dieser Wahl zum Vogel des Jahres.<\/p>\n<p>&nbsp;<\/p>\n<p>&nbsp;<\/p>\n","protected":false},"excerpt":{"rendered":"<p>Der NABU sucht wieder den Vogel des Jahres. Es stehen mehre V\u00f6gel zur Auswahl. Viele davon stehen auf der roten Liste bedrohter Arten. Jeder kann an der Wahl zum Vogel des Jahres teilnehmen und damit die Aufmerksamkeit der \u00d6ffentlichkeit auf diesen Vogel und seine meist bedrohten Lebensr\u00e4ume lenken. Man kann auch Wahlkampfteams f\u00fcr einzelne V\u00f6gel &hellip; <a href=\"https:\/\/keine-osttangente.de\/?p=2092\" class=\"more-link\"><span class=\"screen-reader-text\">Kiebitze gegen Osttangente<\/span> weiterlesen <span class=\"meta-nav\">&rarr;<\/span><\/a><\/p>\n","protected":false},"author":3,"featured_media":0,"comment_status":"open","ping_status":"open","sticky":false,"template":"","format":"standard","meta":{"jetpack_post_was_ever_published":false,"_jetpack_newsletter_access":"","_jetpack_dont_email_post_to_subs":false,"_jetpack_newsletter_tier_id":0,"footnotes":"","jetpack_publicize_message":"","jetpack_publicize_feature_enabled":true,"jetpack_social_post_already_shared":true,"jetpack_social_options":{"image_generator_settings":{"template":"highway","enabled":false}}},"categories":[4],"tags":[169,155],"jetpack_publicize_connections":[],"jetpack_featured_media_url":"","jetpack_shortlink":"https:\/\/wp.me\/p8dGOP-xK","jetpack-related-posts":[{"id":780,"url":"https:\/\/keine-osttangente.de\/?p=780","url_meta":{"origin":2092,"position":0},"title":"Presseerkl\u00e4rung des Aktionsb\u00fcndnissses zum Bundesverkehrswegeplan 2030","author":"Wolfhard von Thienen","date":"17. M\u00e4rz 2016","format":false,"excerpt":"Presseerkl\u00e4rung A-KO zur geplanten Osttangent, 16.4.2016 Das Bundesverkehrsministerium hat heute bekanntgegeben, dass die Osttangente als vierspurige, autobahn\u00e4hnliche Bundesstra\u00dfe in den Bundesverkehrswegeplan aufgenommen wurde. Damit ist beschlossen, dass diese Stra\u00dfe bis zum Jahr 2030 durch unsere Region in ganzer L\u00e4nge gebaut werden soll. Alle Beschwichtigungsversuche der lokalen Politiker von CSU und\u2026","rel":"","context":"In &quot;Presse&quot;","block_context":{"text":"Presse","link":"https:\/\/keine-osttangente.de\/?cat=42"},"img":{"alt_text":"","src":"","width":0,"height":0},"classes":[]},{"id":956,"url":"https:\/\/keine-osttangente.de\/?p=956","url_meta":{"origin":2092,"position":1},"title":"Einspruch von C. T.","author":"Admin","date":"26. M\u00e4rz 2016","format":"aside","excerpt":"C. T. Friedberg An das Bundesministerium f\u00fcr Verkehr und digitale Infrastruktur Referat G12 Invalidenstr. 44 10115 Berlin Friedberg, 26.03.2016 BVWP 2030 Projektnummer B002-G080-BY Osttangente Augsburg Sehr geehrte Damen und Herren, hiermit m\u00f6chte ich Einw\u00e4nde gegen den Referentenentwurf zum Bundesverkehrswegeplan 2030 insbesondere Projektnummer B002-G080-BY Osttangente Augsburg geltend machen. Die Grundkonzeption des\u2026","rel":"","context":"In &quot;Einspruch&quot;","block_context":{"text":"Einspruch","link":"https:\/\/keine-osttangente.de\/?cat=78"},"img":{"alt_text":"","src":"","width":0,"height":0},"classes":[]},{"id":1918,"url":"https:\/\/keine-osttangente.de\/?p=1918","url_meta":{"origin":2092,"position":2},"title":"Presseerkl\u00e4rung zu Kommunalwahl 2020","author":"Wolfhard von Thienen","date":"11. Februar 2020","format":false,"excerpt":"Presseerkl\u00e4rung AKO-Alternative Konzepte f\u00fcr Mobilit\u00e4t e.V. Osttangente und Mobilit\u00e4t \u2013 Wo stehen die Kandidaten in der Kommunalwahl 2020? Zweifellos, sie ist das gr\u00f6\u00dfte verkehrspolitische Vorhaben in unserer Region, die Osttangente. Diese autobahn\u00e4hnliche \u00fcberregionale Schnellstra\u00dfe wird gerade mit Hochdruck vom staatlichen Bauamt zwischen der B17 bei K\u00f6nigsbrunn und der A8 bei\u2026","rel":"","context":"In &quot;Politik&quot;","block_context":{"text":"Politik","link":"https:\/\/keine-osttangente.de\/?cat=153"},"img":{"alt_text":"","src":"","width":0,"height":0},"classes":[]},{"id":1897,"url":"https:\/\/keine-osttangente.de\/?p=1897","url_meta":{"origin":2092,"position":3},"title":"Kommunalwahl 2020 &#8211; Dr. Klaus Metzger","author":"Wolfhard von Thienen","date":"11. Februar 2020","format":false,"excerpt":"Landrat Dr. Klaus Metzger, Landratskandidat, CSU Sind Sie f\u00fcr oder gegen die Osttangente, so wie sie im Bundesverkehrswegeplan definiert ist? Ich bin gegen die im Bundesverkehrswegeplan definierten Planungen. Klar ist aber auch, dass f\u00fcr die Gemeinden Kissing und Mering sowie die Stadt Friedberg Entlastung geschaffen werden muss. Haben Sie sich\u2026","rel":"","context":"In &quot;Allgemein&quot;","block_context":{"text":"Allgemein","link":"https:\/\/keine-osttangente.de\/?cat=4"},"img":{"alt_text":"","src":"","width":0,"height":0},"classes":[]},{"id":1881,"url":"https:\/\/keine-osttangente.de\/?p=1881","url_meta":{"origin":2092,"position":4},"title":"Kommunalwahl 2020 &#8211; Stefan Lindauer","author":"Wolfhard von Thienen","date":"11. Februar 2020","format":false,"excerpt":"Stefan Lindauer, Landratskandidat, B\u00fcndnis 90\/Die Gr\u00fcnen Sind Sie f\u00fcr oder gegen die Osttangente, so wie sie im Bundesverkehrswegeplan definiert ist? Den Bau einer Ostumfahrung um Augsburg, so wie sie der Bundesverkehrswegeplan definiert, lehne ich entschieden ab. Mehr und breitere Stra\u00dfen zu bauen, um die t\u00e4glichen Blechlawinen durchs Land zu bef\u00f6rdern\u2026","rel":"","context":"In &quot;Allgemein&quot;","block_context":{"text":"Allgemein","link":"https:\/\/keine-osttangente.de\/?cat=4"},"img":{"alt_text":"","src":"","width":0,"height":0},"classes":[]},{"id":2578,"url":"https:\/\/keine-osttangente.de\/?p=2578","url_meta":{"origin":2092,"position":5},"title":"Infobrief Nr. 9 Aktionsb\u00fcndnis Keine Osttangente A-KO","author":"Wolfhard von Thienen","date":"22. Juni 2025","format":false,"excerpt":"Infobrief Nr. 9 Aktionsb\u00fcndnis Keine Osttangente A-KO Juni 2025 Liebe Leserinnen und Leser, liebe an Informationen zur Osttangente und zu Alternativen dazu Interessierte, Sie erhalten hiermit den neunten Infobrief der Aktionsb\u00fcndnisses Keine Osttangente-AKO zur Osttangente und zu allgemeinen Mobilit\u00e4tsthemen. \u00dcber Anregungen, Lob aber auch Kritik freuen wir uns nat\u00fcrlich \u2013\u2026","rel":"","context":"In &quot;Nachrichten zur Mobilit\u00e4t&quot;","block_context":{"text":"Nachrichten zur Mobilit\u00e4t","link":"https:\/\/keine-osttangente.de\/?cat=106"},"img":{"alt_text":"","src":"","width":0,"height":0},"classes":[]}],"jetpack_likes_enabled":true,"jetpack_sharing_enabled":true,"_links":{"self":[{"href":"https:\/\/keine-osttangente.de\/index.php?rest_route=\/wp\/v2\/posts\/2092"}],"collection":[{"href":"https:\/\/keine-osttangente.de\/index.php?rest_route=\/wp\/v2\/posts"}],"about":[{"href":"https:\/\/keine-osttangente.de\/index.php?rest_route=\/wp\/v2\/types\/post"}],"author":[{"embeddable":true,"href":"https:\/\/keine-osttangente.de\/index.php?rest_route=\/wp\/v2\/users\/3"}],"replies":[{"embeddable":true,"href":"https:\/\/keine-osttangente.de\/index.php?rest_route=%2Fwp%2Fv2%2Fcomments&post=2092"}],"version-history":[{"count":2,"href":"https:\/\/keine-osttangente.de\/index.php?rest_route=\/wp\/v2\/posts\/2092\/revisions"}],"predecessor-version":[{"id":2095,"href":"https:\/\/keine-osttangente.de\/index.php?rest_route=\/wp\/v2\/posts\/2092\/revisions\/2095"}],"wp:attachment":[{"href":"https:\/\/keine-osttangente.de\/index.php?rest_route=%2Fwp%2Fv2%2Fmedia&parent=2092"}],"wp:term":[{"taxonomy":"category","embeddable":true,"href":"https:\/\/keine-osttangente.de\/index.php?rest_route=%2Fwp%2Fv2%2Fcategories&post=2092"},{"taxonomy":"post_tag","embeddable":true,"href":"https:\/\/keine-osttangente.de\/index.php?rest_route=%2Fwp%2Fv2%2Ftags&post=2092"}],"curies":[{"name":"wp","href":"https:\/\/api.w.org\/{rel}","templated":true}]}}