{"id":2020,"date":"2020-05-26T17:21:45","date_gmt":"2020-05-26T17:21:45","guid":{"rendered":"http:\/\/keine-osttangente.de\/?p=2020"},"modified":"2020-05-26T17:23:13","modified_gmt":"2020-05-26T17:23:13","slug":"verkehssicherheit-und-osttangente","status":"publish","type":"post","link":"https:\/\/keine-osttangente.de\/?p=2020","title":{"rendered":"Verkehssicherheit und Osttangente"},"content":{"rendered":"<p>Im Landkreis Aichach-Friedberg arbeit die Unfallkomission\u00a0 seit einigen Jahren erfolgreich an der Verbesserung der Verkehrssicherheit indem Unfallschwerpunkte analysiert werden und Ma\u00dfnahmen zur Erh\u00f6hung der Sicherheit ergriffen werden. In diesem Zusammenhang wird in den letzten Jahren von Bef\u00fcrwortern der Osttangnte das Argument angef\u00fchrt, die Osttangente w\u00fcrde die Verkehrssicherheit im Landkreis erh\u00f6hen. Was ist dran?<\/p>\n<p>Wir setzen uns mit einer Artikelserie damit auseinander. Im ersten Artikel hat Bernd Meyer die Situation an der <a href=\"https:\/\/keine-osttangente.de\/wp-content\/uploads\/2020\/05\/20-05-22-Analyse-Kreuzungen-Osttangente-V2.pdf\">Kreuzung Mering-Nord sowie Chippenham-Ring\/B300 bei Friedberg<\/a> analysiert.<\/p>\n<p>Es werden weitere Beitr\u00e4ge hierzu folgen.<\/p>\n","protected":false},"excerpt":{"rendered":"<p>Im Landkreis Aichach-Friedberg arbeit die Unfallkomission\u00a0 seit einigen Jahren erfolgreich an der Verbesserung der Verkehrssicherheit indem Unfallschwerpunkte analysiert werden und Ma\u00dfnahmen zur Erh\u00f6hung der Sicherheit ergriffen werden. In diesem Zusammenhang wird in den letzten Jahren von Bef\u00fcrwortern der Osttangnte das Argument angef\u00fchrt, die Osttangente w\u00fcrde die Verkehrssicherheit im Landkreis erh\u00f6hen. Was ist dran? Wir setzen &hellip; <a href=\"https:\/\/keine-osttangente.de\/?p=2020\" class=\"more-link\"><span class=\"screen-reader-text\">Verkehssicherheit und Osttangente<\/span> weiterlesen <span class=\"meta-nav\">&rarr;<\/span><\/a><\/p>\n","protected":false},"author":3,"featured_media":0,"comment_status":"open","ping_status":"open","sticky":false,"template":"","format":"standard","meta":{"jetpack_post_was_ever_published":false,"_jetpack_newsletter_access":"","_jetpack_dont_email_post_to_subs":false,"_jetpack_newsletter_tier_id":0,"footnotes":"","jetpack_publicize_message":"","jetpack_publicize_feature_enabled":true,"jetpack_social_post_already_shared":true,"jetpack_social_options":{"image_generator_settings":{"template":"highway","enabled":false}}},"categories":[4,5],"tags":[163,162],"jetpack_publicize_connections":[],"jetpack_featured_media_url":"","jetpack_shortlink":"https:\/\/wp.me\/p8dGOP-wA","jetpack-related-posts":[{"id":1899,"url":"https:\/\/keine-osttangente.de\/?p=1899","url_meta":{"origin":2020,"position":0},"title":"Kommunalwahl 2020 &#8211; Cornelia B\u00f6hm","author":"Wolfhard von Thienen","date":"11. Februar 2020","format":false,"excerpt":"Cornelia B\u00f6hm, B\u00fcrgermeisterkandidatin Friedberg, FDP Sind Sie f\u00fcr oder gegen die Osttangente, so wie sie im Bundesverkehrswegeplan definiert ist? Der FDP Kreisverband Aichach-Friedberg hat sich wie bekannt grunds\u00e4tzlich f\u00fcr die Osttangente ausgesprochen. Wir bevorzugen die Ausgestaltung als Ortsumfahrung Kissing unter Ber\u00fccksichtigung aller technischen\/\u00f6kologischen Schutz- und Sicherheitsma\u00dfnahmen. L\u00e4rmschutz f\u00fcr Anwohner, angepasste\u2026","rel":"","context":"In &quot;Allgemein&quot;","block_context":{"text":"Allgemein","link":"https:\/\/keine-osttangente.de\/?cat=4"},"img":{"alt_text":"","src":"","width":0,"height":0},"classes":[]},{"id":1979,"url":"https:\/\/keine-osttangente.de\/?p=1979","url_meta":{"origin":2020,"position":1},"title":"Leserbrief zur Behauptung, die Osttangente w\u00fcrde die Verkehrssicherheit erh\u00f6hen","author":"Wolfhard von Thienen","date":"14. April 2020","format":false,"excerpt":"K\u00fcrzlich wurde in der lokalen Presse und bei Augsburg-TV\u00a0 \u00fcber das Ergebnis der Unfallstatistik 2019 im Landkreis AIC-FDB berichtet. Das nahm Herr Eichst\u00e4dt vom staatlichen Bauamt zum wiederholten Mal zum Anlass seine hanenb\u00fcchene Behauptung zu wiederholen, dass die Osttangente f\u00fcr eine Reduzierung der Unf\u00e4lle sorgen w\u00fcrde. Wie er dies mit\u2026","rel":"","context":"In &quot;Allgemein&quot;","block_context":{"text":"Allgemein","link":"https:\/\/keine-osttangente.de\/?cat=4"},"img":{"alt_text":"","src":"","width":0,"height":0},"classes":[]},{"id":1897,"url":"https:\/\/keine-osttangente.de\/?p=1897","url_meta":{"origin":2020,"position":2},"title":"Kommunalwahl 2020 &#8211; Dr. Klaus Metzger","author":"Wolfhard von Thienen","date":"11. Februar 2020","format":false,"excerpt":"Landrat Dr. Klaus Metzger, Landratskandidat, CSU Sind Sie f\u00fcr oder gegen die Osttangente, so wie sie im Bundesverkehrswegeplan definiert ist? Ich bin gegen die im Bundesverkehrswegeplan definierten Planungen. Klar ist aber auch, dass f\u00fcr die Gemeinden Kissing und Mering sowie die Stadt Friedberg Entlastung geschaffen werden muss. Haben Sie sich\u2026","rel":"","context":"In &quot;Allgemein&quot;","block_context":{"text":"Allgemein","link":"https:\/\/keine-osttangente.de\/?cat=4"},"img":{"alt_text":"","src":"","width":0,"height":0},"classes":[]},{"id":1874,"url":"https:\/\/keine-osttangente.de\/?p=1874","url_meta":{"origin":2020,"position":3},"title":"Kommunalwahl 2020 \u2013 Mareike Hartung","author":"Wolfhard von Thienen","date":"11. Februar 2020","format":false,"excerpt":"Mareike Hartung, B\u00fcrgermeisterkandidatin Dasing, Aktive B\u00fcrger Dasing Sind Sie f\u00fcr oder gegen die Osttangente, so wie sie im Bundesverkehrswegeplan definiert ist? Grunds\u00e4tzlich stehe ich gro\u00dfen Stra\u00dfenbauprojekten kritisch gegen\u00fcber, denn wer \u201eStra\u00dfen s\u00e4t, wird Verkehr ernten\u201c. Statt dessen sollte man meiner Meinung nach zun\u00e4chst versuchen mit zeitnah umzusetzenden L\u00f6sungen die Verkehrsproblematik\u2026","rel":"","context":"In &quot;Allgemein&quot;","block_context":{"text":"Allgemein","link":"https:\/\/keine-osttangente.de\/?cat=4"},"img":{"alt_text":"","src":"","width":0,"height":0},"classes":[]},{"id":1876,"url":"https:\/\/keine-osttangente.de\/?p=1876","url_meta":{"origin":2020,"position":4},"title":"Kommunalwahl 2020 \u2013 Fragen an Kandidatinnen und Kandidaten zur Osttangente und regionalen Mobilit\u00e4tspolitik","author":"Wolfhard von Thienen","date":"11. Februar 2020","format":false,"excerpt":"Wir wollten von allen Kandidatinnen und -kandidaten im Landkreis Aichach-Friedberg wissen, wie sie zur Osttangente und zur Mobilit\u00e4tspolitik in der Region stehen. Wir schrieben deshalb alle Bewerberinnen und Bewerber\u00a0 an.\u00a0 Die Antworten werden hier wiedergegeben. Wir bedanken uns hiermit ganz herzlich bei allen, die uns Ihre Antworten schickten. Nutzen Sie\u2026","rel":"","context":"In &quot;Allgemein&quot;","block_context":{"text":"Allgemein","link":"https:\/\/keine-osttangente.de\/?cat=4"},"img":{"alt_text":"","src":"","width":0,"height":0},"classes":[]},{"id":1738,"url":"https:\/\/keine-osttangente.de\/?p=1738","url_meta":{"origin":2020,"position":5},"title":"Presserkl\u00e4rung zur sogenannten W\u00f6rle-Spange","author":"Wolfhard von Thienen","date":"30. M\u00e4rz 2019","format":false,"excerpt":"Presseerkl\u00e4rung Aktionsb\u00fcndnis Keine Osttangente (A-KO) zur W\u00f6rle-Spange Mit den Planspielen des Gersthofener B\u00fcrgermeisters W\u00f6rle wird deutlich, worauf das Aktionsb\u00fcndnis Keine Osttangente (A-KO) immer wieder hinweist: Die Osttangente ist kein harmloser Zusammenschluss von segensreichen Ortsumgehungen sondern eine neue \u00fcberregionale Verkehrsachse f\u00fcr den Gro\u00dfraum Augsburg\/M\u00fcnchen. Gerade eben haben die Planungen begonnen, schon\u2026","rel":"","context":"In &quot;Allgemein&quot;","block_context":{"text":"Allgemein","link":"https:\/\/keine-osttangente.de\/?cat=4"},"img":{"alt_text":"","src":"","width":0,"height":0},"classes":[]}],"jetpack_likes_enabled":true,"jetpack_sharing_enabled":true,"_links":{"self":[{"href":"https:\/\/keine-osttangente.de\/index.php?rest_route=\/wp\/v2\/posts\/2020"}],"collection":[{"href":"https:\/\/keine-osttangente.de\/index.php?rest_route=\/wp\/v2\/posts"}],"about":[{"href":"https:\/\/keine-osttangente.de\/index.php?rest_route=\/wp\/v2\/types\/post"}],"author":[{"embeddable":true,"href":"https:\/\/keine-osttangente.de\/index.php?rest_route=\/wp\/v2\/users\/3"}],"replies":[{"embeddable":true,"href":"https:\/\/keine-osttangente.de\/index.php?rest_route=%2Fwp%2Fv2%2Fcomments&post=2020"}],"version-history":[{"count":1,"href":"https:\/\/keine-osttangente.de\/index.php?rest_route=\/wp\/v2\/posts\/2020\/revisions"}],"predecessor-version":[{"id":2022,"href":"https:\/\/keine-osttangente.de\/index.php?rest_route=\/wp\/v2\/posts\/2020\/revisions\/2022"}],"wp:attachment":[{"href":"https:\/\/keine-osttangente.de\/index.php?rest_route=%2Fwp%2Fv2%2Fmedia&parent=2020"}],"wp:term":[{"taxonomy":"category","embeddable":true,"href":"https:\/\/keine-osttangente.de\/index.php?rest_route=%2Fwp%2Fv2%2Fcategories&post=2020"},{"taxonomy":"post_tag","embeddable":true,"href":"https:\/\/keine-osttangente.de\/index.php?rest_route=%2Fwp%2Fv2%2Ftags&post=2020"}],"curies":[{"name":"wp","href":"https:\/\/api.w.org\/{rel}","templated":true}]}}