{"id":1909,"date":"2020-02-11T08:27:26","date_gmt":"2020-02-11T08:27:26","guid":{"rendered":"http:\/\/keine-osttangente.de\/?p=1909"},"modified":"2020-02-11T08:27:26","modified_gmt":"2020-02-11T08:27:26","slug":"kommunalwahl-2020-andreas-santa","status":"publish","type":"post","link":"https:\/\/keine-osttangente.de\/?p=1909","title":{"rendered":"Kommunalwahl 2020 &#8211; Andreas Santa"},"content":{"rendered":"<h4><strong>Andreas Santa, Landratskandidat, SPD<\/strong><\/h4>\n<ol>\n<li><strong><em>Sind Sie f<\/em><\/strong><strong><em>\u00fcr oder gegen die Osttangente, so wie sie im Bundesverkehrswegeplan definiert ist?<\/em><\/strong><em><br \/>\n<\/em>Ich bin gegen die Osttangente, wie sie aktuell im BVWP steht. Zum einen, weil gr\u00f6\u00dfere\/breitere Stra\u00dfen noch mehr Verkehr bedeuten. Zum anderen, weil ich eine Gef\u00e4hrdung und einen Qualit\u00e4tsverlust sowohl der Naherholungs- als auch der Naturschutz- und Trinkwasserschutzgebiete sehe. Allerdings ist mir durchaus bewusst, dass wir gemeinsam L\u00f6sungen erarbeiten und M\u00f6glichkeiten finden m\u00fcssen, die den Anwohnern an den vielbefahrenen Bundesstra\u00dfen eine Verbesserung ihrer Situation bringen und die jeweiligen Orte entlasten. Dies kann auch eine Ortsumfahrung bedeuten, aber nicht mit Autobahn-Charakter.<\/li>\n<li><strong><em>Haben Sie sich in der Vergangenheit dagegen engagiert?<br \/>\n<\/em><\/strong>Nein, da ich die letzten zwei Jahre studienbedingt in Marburg verbracht habe.<\/li>\n<li><strong><em>Wof<\/em><\/strong><strong><em>\u00fcr werden Sie sich zur Verbesserung der regionalen und <\/em><\/strong><strong><em>\u00fcberregionalen Mobilit<\/em><\/strong><strong><em>\u00e4t im Landkreis einsetzen?<br \/>\n<\/em><\/strong>In meinen Augen ben\u00f6tigen wir einen kosteng\u00fcnstigen Nahverkehr, der sich vor allem durch sehr gute und regelm\u00e4\u00dfige Anbindungen nach Augsburg, M\u00fcnchen und innerhalb unseres Landkreises auszeichnet. Wenn der Nahverkehr attraktiver wird, k\u00f6nnen wir die Fahrzeuganzahl auf der Stra\u00dfe stark reduzieren. Davon bin ich \u00fcberzeugt. Einen konkreten Ma\u00dfnahmenplan der Kreis-SPD f\u00fcr den \u00d6PNV im Landkreis finden Sie hier: https:\/\/spd-aichach-friedberg.de\/workspace\/media\/static\/pressemeldungspd_oepnv-5e2eb146642d3.pdf<\/li>\n<li><strong><em>Welche Ma<\/em><\/strong><strong><em>\u00dfnahmen aus dem Radverkehrskonzept von 2019 des Landkreises wollen Sie vordringlich umsetzen?<br \/>\n<\/em><\/strong>F\u00fcr mich haben der Ausbau sowie die M\u00e4ngelbeseitigung an unseren Radverkehrswegen hohe Priorit\u00e4t. Eine wichtige Ma\u00dfnahme dabei ist die Ausweisung von Fahrradstra\u00dfen, gerade als Verbindung zwischen Ortschaften.<\/li>\n<li><strong><em>F<\/em><\/strong><strong><em>\u00fcr welche Alternativl<\/em><\/strong><strong><em>\u00f6sungen werden Sie sich einsetzen, falls die Osttangente nicht realisiert wird (z.B. durch eine Neubewertung in Folge des Klimawandels)?<br \/>\n<\/em><\/strong>Unser \u00f6ffentlicher Nahverkehrs muss als attraktive Alternative zum Auto wahrgenommen werden. Als Landrat setze ich mich daf\u00fcr ein, das aktuelle System g\u00fcnstiger und verl\u00e4sslicher zu machen sowie besser zu takten. Nat\u00fcrlich werde ich hierbei auf Alternativantriebe bei Bussen achten, um den Schadstoffaussto\u00df zu minimieren und die Busse nach M\u00f6glichkeit ger\u00e4usch\u00e4rmer werden zu lassen.<\/li>\n<li><strong><em>Was werden Sie unternehmen, um die Naturschutz- und Erholungsgebiete entlang der geplanten Trasse der Osttangente zu erhalten?<br \/>\n<\/em><\/strong>Als Landrat werde ich mich daf\u00fcr einsetzen, die Menschen im Landkreis wie auch die Natur gleicherma\u00dfen im Fokus zu haben. Neben L\u00e4rm- und Abgasschutz stelle ich mir eine Eingr\u00fcnung vor. Zudem muss die Einhaltung der gesetzlichen Schutzma\u00dfnahmen strengstens \u00fcberwacht werden.<\/li>\n<\/ol>\n","protected":false},"excerpt":{"rendered":"<p>Andreas Santa, Landratskandidat, SPD Sind Sie f\u00fcr oder gegen die Osttangente, so wie sie im Bundesverkehrswegeplan definiert ist? Ich bin gegen die Osttangente, wie sie aktuell im BVWP steht. Zum einen, weil gr\u00f6\u00dfere\/breitere Stra\u00dfen noch mehr Verkehr bedeuten. Zum anderen, weil ich eine Gef\u00e4hrdung und einen Qualit\u00e4tsverlust sowohl der Naherholungs- als auch der Naturschutz- und &hellip; <a href=\"https:\/\/keine-osttangente.de\/?p=1909\" class=\"more-link\"><span class=\"screen-reader-text\">Kommunalwahl 2020 &#8211; Andreas Santa<\/span> weiterlesen <span class=\"meta-nav\">&rarr;<\/span><\/a><\/p>\n","protected":false},"author":3,"featured_media":0,"comment_status":"open","ping_status":"open","sticky":false,"template":"","format":"standard","meta":{"jetpack_post_was_ever_published":false,"_jetpack_newsletter_access":"","_jetpack_dont_email_post_to_subs":false,"_jetpack_newsletter_tier_id":0,"footnotes":"","jetpack_publicize_message":"Kommunalwahl 2020 - Andreas Santa","jetpack_publicize_feature_enabled":true,"jetpack_social_post_already_shared":true,"jetpack_social_options":{"image_generator_settings":{"template":"highway","enabled":false}}},"categories":[4],"tags":[148,147],"jetpack_publicize_connections":[],"jetpack_featured_media_url":"","jetpack_shortlink":"https:\/\/wp.me\/p8dGOP-uN","jetpack-related-posts":[{"id":1918,"url":"https:\/\/keine-osttangente.de\/?p=1918","url_meta":{"origin":1909,"position":0},"title":"Presseerkl\u00e4rung zu Kommunalwahl 2020","author":"Wolfhard von Thienen","date":"11. Februar 2020","format":false,"excerpt":"Presseerkl\u00e4rung AKO-Alternative Konzepte f\u00fcr Mobilit\u00e4t e.V. Osttangente und Mobilit\u00e4t \u2013 Wo stehen die Kandidaten in der Kommunalwahl 2020? Zweifellos, sie ist das gr\u00f6\u00dfte verkehrspolitische Vorhaben in unserer Region, die Osttangente. Diese autobahn\u00e4hnliche \u00fcberregionale Schnellstra\u00dfe wird gerade mit Hochdruck vom staatlichen Bauamt zwischen der B17 bei K\u00f6nigsbrunn und der A8 bei\u2026","rel":"","context":"In &quot;Politik&quot;","block_context":{"text":"Politik","link":"https:\/\/keine-osttangente.de\/?cat=153"},"img":{"alt_text":"","src":"","width":0,"height":0},"classes":[]},{"id":1907,"url":"https:\/\/keine-osttangente.de\/?p=1907","url_meta":{"origin":1909,"position":1},"title":"Kommunalwahl 2020 &#8211; Stefan Hummel","author":"Wolfhard von Thienen","date":"11. Februar 2020","format":false,"excerpt":"Stefan Hummel, B\u00fcrgermeisterkandidat Mering, SPD Hinweis: Die Beantwortung erfolgte ohne unmittelbaren Bezug zu unseren Fragen. Gerne nehme ich zu den von Ihnen aufgef\u00fchrten Fragen Stellung. Konzentriert habe ich mich bei der Beantwortung auf den Aufgaben- und Zust\u00e4ndigkeitsbereich als B\u00fcrgermeister. Die Verkehrswende und der damit verbundene Ausbau des \u00f6ffentlichen Nahverkehres genauso\u2026","rel":"","context":"In &quot;Allgemein&quot;","block_context":{"text":"Allgemein","link":"https:\/\/keine-osttangente.de\/?cat=4"},"img":{"alt_text":"","src":"","width":0,"height":0},"classes":[]},{"id":965,"url":"https:\/\/keine-osttangente.de\/?p=965","url_meta":{"origin":1909,"position":2},"title":"Einspruch D. N.","author":"Admin","date":"30. M\u00e4rz 2016","format":"aside","excerpt":"D. N. Friedberg An das Bundesministerium f\u00fcr Verkehr und digitale Infrastruktur Referat G12 Invalidenstr. 44 10115 Berlin Friedberg, 30.03.16 BVWP 2030 Sehr geehrte Damen und Herren, ich habe gegen den Referentenentwurf zum Bundesverkehrswegeplan 2030 folgende Einw\u00e4nde: Die Trassenf\u00fchrung im Friedberger Stadtgebiet, die f\u00fcr einen m\u00f6glichen Verlauf in Frage k\u00e4me, w\u00fcrde\u2026","rel":"","context":"In &quot;Einspruch&quot;","block_context":{"text":"Einspruch","link":"https:\/\/keine-osttangente.de\/?cat=78"},"img":{"alt_text":"","src":"","width":0,"height":0},"classes":[]},{"id":960,"url":"https:\/\/keine-osttangente.de\/?p=960","url_meta":{"origin":1909,"position":3},"title":"Einspruch von K. M.","author":"Admin","date":"31. M\u00e4rz 2016","format":"aside","excerpt":"K. M. Kissing Bundesministerium f\u00fcr Verkehr und digitale Infrastruktur Referat G12 Stichwort \u201eBVWP 2030\u201c Invalidenstr. 44 10115 Berlin Betreff: Stellungnahme zum BVWP 2030, Projektnummer B002-G080-BY Osttangente Augsburg Sehr geehrte Damen und Herren, mit diesem Schreiben m\u00f6chte ich zum oben genannten Projekt Stellung nehmen. Ich bin B\u00fcrgerin der Gemeinde Kissing, die\u2026","rel":"","context":"In &quot;Einspruch&quot;","block_context":{"text":"Einspruch","link":"https:\/\/keine-osttangente.de\/?cat=78"},"img":{"alt_text":"","src":"","width":0,"height":0},"classes":[]},{"id":1884,"url":"https:\/\/keine-osttangente.de\/?p=1884","url_meta":{"origin":1909,"position":4},"title":"Kommunalwahl 2020 &#8211; Petra von Thienen","author":"Wolfhard von Thienen","date":"11. Februar 2020","format":false,"excerpt":"Petra von Thienen, B\u00fcrgermeisterkandidatin Mering, B\u00fcndnis 90\/Die Gr\u00fcnen Sind Sie f\u00fcr oder gegen die Osttangente, so wie sie im Bundesverkehrswegeplan definiert ist? Ich bin eine ganz klare Gegnerin der Osttangente, weil uns diese als Bundesstra\u00dfe getarnte Autobahn nur schaden wird. Sie wird uns in Mering Lebensqualit\u00e4t kosten, wertvolle Natur wird\u2026","rel":"","context":"In &quot;Allgemein&quot;","block_context":{"text":"Allgemein","link":"https:\/\/keine-osttangente.de\/?cat=4"},"img":{"alt_text":"","src":"","width":0,"height":0},"classes":[]},{"id":1893,"url":"https:\/\/keine-osttangente.de\/?p=1893","url_meta":{"origin":1909,"position":5},"title":"Kommunalwahl 2020 &#8211; Helmut Luichtl","author":"Wolfhard von Thienen","date":"11. Februar 2020","format":false,"excerpt":"Helmut Luichtl, B\u00fcrgermeisterkandidat Merching, CSU Sind Sie f\u00fcr oder gegen die Osttangente, so wie sie im Bundesverkehrswegeplan definiert ist? Ich spreche mich dezidiert gegen eine Osttangente, wie sie im Bundesverkehrswegeplan definiert ist, aus. Insbesondere die sogenannte \u201eUlrich-Variante\u201c lehne ich ab, weil diese f\u00fcr Merching nur zu einer Belastung werden w\u00fcrde.\u2026","rel":"","context":"In &quot;Allgemein&quot;","block_context":{"text":"Allgemein","link":"https:\/\/keine-osttangente.de\/?cat=4"},"img":{"alt_text":"","src":"","width":0,"height":0},"classes":[]}],"jetpack_likes_enabled":true,"jetpack_sharing_enabled":true,"_links":{"self":[{"href":"https:\/\/keine-osttangente.de\/index.php?rest_route=\/wp\/v2\/posts\/1909"}],"collection":[{"href":"https:\/\/keine-osttangente.de\/index.php?rest_route=\/wp\/v2\/posts"}],"about":[{"href":"https:\/\/keine-osttangente.de\/index.php?rest_route=\/wp\/v2\/types\/post"}],"author":[{"embeddable":true,"href":"https:\/\/keine-osttangente.de\/index.php?rest_route=\/wp\/v2\/users\/3"}],"replies":[{"embeddable":true,"href":"https:\/\/keine-osttangente.de\/index.php?rest_route=%2Fwp%2Fv2%2Fcomments&post=1909"}],"version-history":[{"count":1,"href":"https:\/\/keine-osttangente.de\/index.php?rest_route=\/wp\/v2\/posts\/1909\/revisions"}],"predecessor-version":[{"id":1910,"href":"https:\/\/keine-osttangente.de\/index.php?rest_route=\/wp\/v2\/posts\/1909\/revisions\/1910"}],"wp:attachment":[{"href":"https:\/\/keine-osttangente.de\/index.php?rest_route=%2Fwp%2Fv2%2Fmedia&parent=1909"}],"wp:term":[{"taxonomy":"category","embeddable":true,"href":"https:\/\/keine-osttangente.de\/index.php?rest_route=%2Fwp%2Fv2%2Fcategories&post=1909"},{"taxonomy":"post_tag","embeddable":true,"href":"https:\/\/keine-osttangente.de\/index.php?rest_route=%2Fwp%2Fv2%2Ftags&post=1909"}],"curies":[{"name":"wp","href":"https:\/\/api.w.org\/{rel}","templated":true}]}}