{"id":1876,"date":"2020-02-11T09:20:11","date_gmt":"2020-02-11T09:20:11","guid":{"rendered":"http:\/\/keine-osttangente.de\/?p=1876"},"modified":"2020-02-12T10:47:33","modified_gmt":"2020-02-12T10:47:33","slug":"kommunalwahl-2020-fragen-an-kandidatinnen-und-kandidaten-zur-osttangente-und-regionalen-mobilitaetspolitik","status":"publish","type":"post","link":"https:\/\/keine-osttangente.de\/?p=1876","title":{"rendered":"Kommunalwahl 2020 \u2013 Fragen an Kandidatinnen und Kandidaten zur Osttangente und regionalen Mobilit\u00e4tspolitik"},"content":{"rendered":"<p>Wir wollten von allen Kandidatinnen und -kandidaten im Landkreis Aichach-Friedberg wissen, wie sie zur Osttangente und zur Mobilit\u00e4tspolitik in der Region stehen. Wir schrieben deshalb alle Bewerberinnen und Bewerber\u00a0 an.\u00a0 Die Antworten werden hier wiedergegeben. <strong>Wir bedanken uns hiermit ganz herzlich bei allen, die uns Ihre Antworten schickten.<\/strong><\/p>\n<p>Nutzen Sie die Gelegenheit zu erfahren, wo ihre Kommunalpolitiker bei diesen wichtigen Themen stehen.<\/p>\n<p>Drei Parteien, die sich im Rahmen des Kommunalwahlkampfes im Landkreis Aichach-Friedberg zur Wahl stellen sind Gr\u00fcndungsmitglieder im <strong>Aktionsb\u00fcndnis Keine Osttangente AKO<\/strong> und damit aktive Unterst\u00fctzer des Widerstandes gegen die Osttangente: B\u00fcndnis 90\/Die Gr\u00fcnen, \u00f6dp und Unabh\u00e4ngige.<\/p>\n<p>Keine Antworten erhielten wir von Josef Du\u00dfmann, Roland Eichmann und Mathias St\u00f6\u00dflein.<\/p>\n<p>Unsere Presseerkl\u00e4rung und Zusammenfassung finden sie <a href=\"https:\/\/keine-osttangente.de\/?p=1918\">hier<\/a>.<\/p>\n<p>B\u00fcndnis 90\/Die Gr\u00fcnen<br \/>\n<a href=\"https:\/\/keine-osttangente.de\/?p=1881\">Lindauer, Stefan<\/a>, Landratskandidat<br \/>\n<a href=\"https:\/\/keine-osttangente.de\/?p=1886\">Stamp, Egon<\/a>, B\u00fcrgermeisterkandidat Friedberg<br \/>\n<a href=\"https:\/\/keine-osttangente.de\/?p=1884\">von Thienen, Petra<\/a>, B\u00fcrgermeisterkandidatin Mering<\/p>\n<p>CSU<br \/>\n<a href=\"https:\/\/keine-osttangente.de\/?p=1890\">Fleig, Florian<\/a>, B\u00fcrgermeisterkandidat Friedberg<br \/>\n<a href=\"https:\/\/keine-osttangente.de\/?p=1893\">Luichtl, Helmut<\/a>, BG\u00fcrgermeisterkandidat Merching<br \/>\n<a href=\"https:\/\/keine-osttangente.de\/?p=1895\">Mayer, Florian<\/a>, B\u00fcrgermeisterkandidat Mering, CSU<br \/>\n<a href=\"https:\/\/keine-osttangente.de\/?p=1897\">Metzger, Klau<\/a>s, Dr.,\u00a0 Landratskandidat<\/p>\n<p>FDP<br \/>\n<a href=\"https:\/\/keine-osttangente.de\/?p=1899\">B\u00f6hm, Cornelia<\/a>, B\u00fcrgermeisterkandidatin Friedberg<\/p>\n<p>Freie W\u00e4hler<br \/>\n<a href=\"https:\/\/keine-osttangente.de\/?p=1901\">Hatzold, Johannes<\/a>, B\u00fcrgermeisterkandidat Friedberg<br \/>\n<a href=\"https:\/\/keine-osttangente.de\/?p=1903\">Wecker, Josef<\/a>, B\u00fcrgermeisterkandidat Schmiechen<\/p>\n<p>\u00d6DP<br \/>\n<a href=\"https:\/\/keine-osttangente.de\/?p=1905\">von Tucher, Constanze<\/a>, Kreisvorsitzende, f\u00fcr den Kreisverband<\/p>\n<p>SPD<br \/>\n<a href=\"https:\/\/keine-osttangente.de\/?p=1907\">Hummel, Stefan<\/a>, B\u00fcrgermeisterkandidat Mering<br \/>\n<a href=\"https:\/\/keine-osttangente.de\/?p=1909\">Santa, Andreas<\/a>, Landratskandidat<\/p>\n<p>Unabh\u00e4ngige<br \/>\n<a href=\"https:\/\/keine-osttangente.de\/?p=1911\">Eikelmann, Kariene<\/a>, f\u00fcr den Kreisverband<\/p>\n<p>Sonstige Parteien\/Gruppierungen<br \/>\n<a href=\"https:\/\/keine-osttangente.de\/?p=1888\">Graser, Manfred<\/a>, B\u00fcrgermeisterkandidat P\u00f6ttmes, B\u00fcrgerblock P\u00f6ttmes e.V.<br \/>\n<a href=\"https:\/\/keine-osttangente.de\/?p=1874\">Hartung, Mareike<\/a>, B\u00fcrgermeisterkandidatin, Aktive B\u00fcrger Dasing<br \/>\n<a href=\"https:\/\/keine-osttangente.de\/?p=1913\">Wieja, Chantal<\/a>, B\u00fcrgermeisterkandidatin Merching<\/p>\n<p>&nbsp;<\/p>\n","protected":false},"excerpt":{"rendered":"<p>Wir wollten von allen Kandidatinnen und -kandidaten im Landkreis Aichach-Friedberg wissen, wie sie zur Osttangente und zur Mobilit\u00e4tspolitik in der Region stehen. Wir schrieben deshalb alle Bewerberinnen und Bewerber\u00a0 an.\u00a0 Die Antworten werden hier wiedergegeben. Wir bedanken uns hiermit ganz herzlich bei allen, die uns Ihre Antworten schickten. Nutzen Sie die Gelegenheit zu erfahren, wo &hellip; <a href=\"https:\/\/keine-osttangente.de\/?p=1876\" class=\"more-link\"><span class=\"screen-reader-text\">Kommunalwahl 2020 \u2013 Fragen an Kandidatinnen und Kandidaten zur Osttangente und regionalen Mobilit\u00e4tspolitik<\/span> weiterlesen <span class=\"meta-nav\">&rarr;<\/span><\/a><\/p>\n","protected":false},"author":3,"featured_media":0,"comment_status":"open","ping_status":"open","sticky":false,"template":"","format":"standard","meta":{"jetpack_post_was_ever_published":false,"_jetpack_newsletter_access":"","_jetpack_dont_email_post_to_subs":false,"_jetpack_newsletter_tier_id":0,"footnotes":"","jetpack_publicize_message":"Kommunalwahl 2020 \u2013 Fragen an Kandidatinnen und Kandidaten zur Osttangente und regionalen Mobilit\u00e4tspolitik","jetpack_publicize_feature_enabled":true,"jetpack_social_post_already_shared":true,"jetpack_social_options":{"image_generator_settings":{"template":"highway","enabled":false}}},"categories":[4],"tags":[],"jetpack_publicize_connections":[],"jetpack_featured_media_url":"","jetpack_shortlink":"https:\/\/wp.me\/p8dGOP-ug","jetpack-related-posts":[{"id":1918,"url":"https:\/\/keine-osttangente.de\/?p=1918","url_meta":{"origin":1876,"position":0},"title":"Presseerkl\u00e4rung zu Kommunalwahl 2020","author":"Wolfhard von Thienen","date":"11. Februar 2020","format":false,"excerpt":"Presseerkl\u00e4rung AKO-Alternative Konzepte f\u00fcr Mobilit\u00e4t e.V. Osttangente und Mobilit\u00e4t \u2013 Wo stehen die Kandidaten in der Kommunalwahl 2020? Zweifellos, sie ist das gr\u00f6\u00dfte verkehrspolitische Vorhaben in unserer Region, die Osttangente. Diese autobahn\u00e4hnliche \u00fcberregionale Schnellstra\u00dfe wird gerade mit Hochdruck vom staatlichen Bauamt zwischen der B17 bei K\u00f6nigsbrunn und der A8 bei\u2026","rel":"","context":"In &quot;Politik&quot;","block_context":{"text":"Politik","link":"https:\/\/keine-osttangente.de\/?cat=153"},"img":{"alt_text":"","src":"","width":0,"height":0},"classes":[]},{"id":1874,"url":"https:\/\/keine-osttangente.de\/?p=1874","url_meta":{"origin":1876,"position":1},"title":"Kommunalwahl 2020 \u2013 Mareike Hartung","author":"Wolfhard von Thienen","date":"11. Februar 2020","format":false,"excerpt":"Mareike Hartung, B\u00fcrgermeisterkandidatin Dasing, Aktive B\u00fcrger Dasing Sind Sie f\u00fcr oder gegen die Osttangente, so wie sie im Bundesverkehrswegeplan definiert ist? Grunds\u00e4tzlich stehe ich gro\u00dfen Stra\u00dfenbauprojekten kritisch gegen\u00fcber, denn wer \u201eStra\u00dfen s\u00e4t, wird Verkehr ernten\u201c. Statt dessen sollte man meiner Meinung nach zun\u00e4chst versuchen mit zeitnah umzusetzenden L\u00f6sungen die Verkehrsproblematik\u2026","rel":"","context":"In &quot;Allgemein&quot;","block_context":{"text":"Allgemein","link":"https:\/\/keine-osttangente.de\/?cat=4"},"img":{"alt_text":"","src":"","width":0,"height":0},"classes":[]},{"id":1552,"url":"https:\/\/keine-osttangente.de\/?p=1552","url_meta":{"origin":1876,"position":2},"title":"Der Verein","author":"Admin","date":"3. Mai 2018","format":false,"excerpt":"Wir sind der gemeinn\u00fctzige Verein \"AKO \u2013 Alternative Konzepte f\u00fcr Mobilit\u00e4t e.V.\" und setzen uns f\u00fcr Natur- und Umwelschutz mit Schwerpunkt natur- und umweltfreundlicher Mobilit\u00e4t ein. Wir f\u00f6rdern in diesem Zusammenhang b\u00fcrgerschaftliches Engagement bei der Entwicklung entsprechender Mobilit\u00e4tskonzepte. Das wichtigste Projekt dieses Vereins ist zur Zeit die Verhinderung der Osttangente\u2026","rel":"","context":"In &quot;Verein&quot;","block_context":{"text":"Verein","link":"https:\/\/keine-osttangente.de\/?cat=92"},"img":{"alt_text":"","src":"https:\/\/i0.wp.com\/keine-osttangente.de\/wp-content\/uploads\/2018\/05\/team-386673_672.jpg?fit=1200%2C664&ssl=1&resize=350%2C200","width":350,"height":200,"srcset":"https:\/\/i0.wp.com\/keine-osttangente.de\/wp-content\/uploads\/2018\/05\/team-386673_672.jpg?fit=1200%2C664&ssl=1&resize=350%2C200 1x, https:\/\/i0.wp.com\/keine-osttangente.de\/wp-content\/uploads\/2018\/05\/team-386673_672.jpg?fit=1200%2C664&ssl=1&resize=525%2C300 1.5x, https:\/\/i0.wp.com\/keine-osttangente.de\/wp-content\/uploads\/2018\/05\/team-386673_672.jpg?fit=1200%2C664&ssl=1&resize=700%2C400 2x, https:\/\/i0.wp.com\/keine-osttangente.de\/wp-content\/uploads\/2018\/05\/team-386673_672.jpg?fit=1200%2C664&ssl=1&resize=1050%2C600 3x"},"classes":[]},{"id":2020,"url":"https:\/\/keine-osttangente.de\/?p=2020","url_meta":{"origin":1876,"position":3},"title":"Verkehssicherheit und Osttangente","author":"Wolfhard von Thienen","date":"26. Mai 2020","format":false,"excerpt":"Im Landkreis Aichach-Friedberg arbeit die Unfallkomission\u00a0 seit einigen Jahren erfolgreich an der Verbesserung der Verkehrssicherheit indem Unfallschwerpunkte analysiert werden und Ma\u00dfnahmen zur Erh\u00f6hung der Sicherheit ergriffen werden. In diesem Zusammenhang wird in den letzten Jahren von Bef\u00fcrwortern der Osttangnte das Argument angef\u00fchrt, die Osttangente w\u00fcrde die Verkehrssicherheit im Landkreis erh\u00f6hen.\u2026","rel":"","context":"In &quot;Allgemein&quot;","block_context":{"text":"Allgemein","link":"https:\/\/keine-osttangente.de\/?cat=4"},"img":{"alt_text":"","src":"","width":0,"height":0},"classes":[]},{"id":1899,"url":"https:\/\/keine-osttangente.de\/?p=1899","url_meta":{"origin":1876,"position":4},"title":"Kommunalwahl 2020 &#8211; Cornelia B\u00f6hm","author":"Wolfhard von Thienen","date":"11. Februar 2020","format":false,"excerpt":"Cornelia B\u00f6hm, B\u00fcrgermeisterkandidatin Friedberg, FDP Sind Sie f\u00fcr oder gegen die Osttangente, so wie sie im Bundesverkehrswegeplan definiert ist? Der FDP Kreisverband Aichach-Friedberg hat sich wie bekannt grunds\u00e4tzlich f\u00fcr die Osttangente ausgesprochen. Wir bevorzugen die Ausgestaltung als Ortsumfahrung Kissing unter Ber\u00fccksichtigung aller technischen\/\u00f6kologischen Schutz- und Sicherheitsma\u00dfnahmen. L\u00e4rmschutz f\u00fcr Anwohner, angepasste\u2026","rel":"","context":"In &quot;Allgemein&quot;","block_context":{"text":"Allgemein","link":"https:\/\/keine-osttangente.de\/?cat=4"},"img":{"alt_text":"","src":"","width":0,"height":0},"classes":[]},{"id":1897,"url":"https:\/\/keine-osttangente.de\/?p=1897","url_meta":{"origin":1876,"position":5},"title":"Kommunalwahl 2020 &#8211; Dr. Klaus Metzger","author":"Wolfhard von Thienen","date":"11. Februar 2020","format":false,"excerpt":"Landrat Dr. Klaus Metzger, Landratskandidat, CSU Sind Sie f\u00fcr oder gegen die Osttangente, so wie sie im Bundesverkehrswegeplan definiert ist? Ich bin gegen die im Bundesverkehrswegeplan definierten Planungen. Klar ist aber auch, dass f\u00fcr die Gemeinden Kissing und Mering sowie die Stadt Friedberg Entlastung geschaffen werden muss. Haben Sie sich\u2026","rel":"","context":"In &quot;Allgemein&quot;","block_context":{"text":"Allgemein","link":"https:\/\/keine-osttangente.de\/?cat=4"},"img":{"alt_text":"","src":"","width":0,"height":0},"classes":[]}],"jetpack_likes_enabled":true,"jetpack_sharing_enabled":true,"_links":{"self":[{"href":"https:\/\/keine-osttangente.de\/index.php?rest_route=\/wp\/v2\/posts\/1876"}],"collection":[{"href":"https:\/\/keine-osttangente.de\/index.php?rest_route=\/wp\/v2\/posts"}],"about":[{"href":"https:\/\/keine-osttangente.de\/index.php?rest_route=\/wp\/v2\/types\/post"}],"author":[{"embeddable":true,"href":"https:\/\/keine-osttangente.de\/index.php?rest_route=\/wp\/v2\/users\/3"}],"replies":[{"embeddable":true,"href":"https:\/\/keine-osttangente.de\/index.php?rest_route=%2Fwp%2Fv2%2Fcomments&post=1876"}],"version-history":[{"count":8,"href":"https:\/\/keine-osttangente.de\/index.php?rest_route=\/wp\/v2\/posts\/1876\/revisions"}],"predecessor-version":[{"id":1936,"href":"https:\/\/keine-osttangente.de\/index.php?rest_route=\/wp\/v2\/posts\/1876\/revisions\/1936"}],"wp:attachment":[{"href":"https:\/\/keine-osttangente.de\/index.php?rest_route=%2Fwp%2Fv2%2Fmedia&parent=1876"}],"wp:term":[{"taxonomy":"category","embeddable":true,"href":"https:\/\/keine-osttangente.de\/index.php?rest_route=%2Fwp%2Fv2%2Fcategories&post=1876"},{"taxonomy":"post_tag","embeddable":true,"href":"https:\/\/keine-osttangente.de\/index.php?rest_route=%2Fwp%2Fv2%2Ftags&post=1876"}],"curies":[{"name":"wp","href":"https:\/\/api.w.org\/{rel}","templated":true}]}}