{"id":1649,"date":"2018-10-19T08:51:31","date_gmt":"2018-10-19T08:51:31","guid":{"rendered":"http:\/\/keine-osttangente.de\/?p=1649"},"modified":"2018-10-19T20:29:20","modified_gmt":"2018-10-19T20:29:20","slug":"dem-osttangenten-erwartungsland-von-hans-well-11-oktober-in-mering","status":"publish","type":"post","link":"https:\/\/keine-osttangente.de\/?p=1649","title":{"rendered":"Dem Osttangenten-Erwartungsland, von Hans Well, 11. Oktober in Mering"},"content":{"rendered":"<p>Dies ist der Text des Eingangsliedes von Hans Well und den Wellbappn bei ihrem Auftritt am 12. Oktober 2018 im Papst-Johannes-Haus in Mering. Die Veranstaltung war ein \u00fcberw\u00e4ltigender Erfolg und der Veranstaltungssaal war komplett ausgebucht. Mehr als 250 Zuschauerinnen und Zuschauer feierten die Wellbappn und Hans Well.<\/p>\n<p><img loading=\"lazy\" decoding=\"async\" data-attachment-id=\"1650\" data-permalink=\"https:\/\/keine-osttangente.de\/?attachment_id=1650\" data-orig-file=\"https:\/\/i0.wp.com\/keine-osttangente.de\/wp-content\/uploads\/2018\/10\/P1050895.jpg?fit=2048%2C1536&amp;ssl=1\" data-orig-size=\"2048,1536\" data-comments-opened=\"1\" data-image-meta=\"{&quot;aperture&quot;:&quot;5.3&quot;,&quot;credit&quot;:&quot;&quot;,&quot;camera&quot;:&quot;DMC-FT5&quot;,&quot;caption&quot;:&quot;&quot;,&quot;created_timestamp&quot;:&quot;1539381754&quot;,&quot;copyright&quot;:&quot;&quot;,&quot;focal_length&quot;:&quot;11.7&quot;,&quot;iso&quot;:&quot;3200&quot;,&quot;shutter_speed&quot;:&quot;0.025&quot;,&quot;title&quot;:&quot;&quot;,&quot;orientation&quot;:&quot;1&quot;}\" data-image-title=\"P1050895\" data-image-description=\"\" data-image-caption=\"\" data-medium-file=\"https:\/\/i0.wp.com\/keine-osttangente.de\/wp-content\/uploads\/2018\/10\/P1050895.jpg?fit=300%2C225&amp;ssl=1\" data-large-file=\"https:\/\/i0.wp.com\/keine-osttangente.de\/wp-content\/uploads\/2018\/10\/P1050895.jpg?fit=474%2C356&amp;ssl=1\" class=\"alignnone size-medium wp-image-1650\" src=\"https:\/\/i0.wp.com\/keine-osttangente.de\/wp-content\/uploads\/2018\/10\/P1050895.jpg?resize=300%2C225&#038;ssl=1\" alt=\"\" width=\"300\" height=\"225\" srcset=\"https:\/\/i0.wp.com\/keine-osttangente.de\/wp-content\/uploads\/2018\/10\/P1050895.jpg?resize=300%2C225&amp;ssl=1 300w, https:\/\/i0.wp.com\/keine-osttangente.de\/wp-content\/uploads\/2018\/10\/P1050895.jpg?resize=768%2C576&amp;ssl=1 768w, https:\/\/i0.wp.com\/keine-osttangente.de\/wp-content\/uploads\/2018\/10\/P1050895.jpg?resize=1024%2C768&amp;ssl=1 1024w, https:\/\/i0.wp.com\/keine-osttangente.de\/wp-content\/uploads\/2018\/10\/P1050895.jpg?w=2048&amp;ssl=1 2048w, https:\/\/i0.wp.com\/keine-osttangente.de\/wp-content\/uploads\/2018\/10\/P1050895.jpg?w=948&amp;ssl=1 948w, https:\/\/i0.wp.com\/keine-osttangente.de\/wp-content\/uploads\/2018\/10\/P1050895.jpg?w=1422&amp;ssl=1 1422w\" sizes=\"(max-width: 300px) 100vw, 300px\" data-recalc-dims=\"1\" \/><\/p>\n<p><img loading=\"lazy\" decoding=\"async\" data-attachment-id=\"1651\" data-permalink=\"https:\/\/keine-osttangente.de\/?attachment_id=1651\" data-orig-file=\"https:\/\/i0.wp.com\/keine-osttangente.de\/wp-content\/uploads\/2018\/10\/20181012_201302.jpg?fit=3528%2C1984&amp;ssl=1\" data-orig-size=\"3528,1984\" data-comments-opened=\"1\" data-image-meta=\"{&quot;aperture&quot;:&quot;1.9&quot;,&quot;credit&quot;:&quot;&quot;,&quot;camera&quot;:&quot;SM-A510F&quot;,&quot;caption&quot;:&quot;&quot;,&quot;created_timestamp&quot;:&quot;1539375182&quot;,&quot;copyright&quot;:&quot;&quot;,&quot;focal_length&quot;:&quot;3.7&quot;,&quot;iso&quot;:&quot;80&quot;,&quot;shutter_speed&quot;:&quot;0.1&quot;,&quot;title&quot;:&quot;&quot;,&quot;orientation&quot;:&quot;1&quot;}\" data-image-title=\"20181012_201302\" data-image-description=\"\" data-image-caption=\"\" data-medium-file=\"https:\/\/i0.wp.com\/keine-osttangente.de\/wp-content\/uploads\/2018\/10\/20181012_201302.jpg?fit=300%2C169&amp;ssl=1\" data-large-file=\"https:\/\/i0.wp.com\/keine-osttangente.de\/wp-content\/uploads\/2018\/10\/20181012_201302.jpg?fit=474%2C267&amp;ssl=1\" class=\"size-medium wp-image-1651 alignright\" src=\"https:\/\/i0.wp.com\/keine-osttangente.de\/wp-content\/uploads\/2018\/10\/20181012_201302.jpg?resize=300%2C169&#038;ssl=1\" alt=\"\" width=\"300\" height=\"169\" srcset=\"https:\/\/i0.wp.com\/keine-osttangente.de\/wp-content\/uploads\/2018\/10\/20181012_201302.jpg?resize=300%2C169&amp;ssl=1 300w, https:\/\/i0.wp.com\/keine-osttangente.de\/wp-content\/uploads\/2018\/10\/20181012_201302.jpg?resize=768%2C432&amp;ssl=1 768w, https:\/\/i0.wp.com\/keine-osttangente.de\/wp-content\/uploads\/2018\/10\/20181012_201302.jpg?resize=1024%2C576&amp;ssl=1 1024w, https:\/\/i0.wp.com\/keine-osttangente.de\/wp-content\/uploads\/2018\/10\/20181012_201302.jpg?w=948&amp;ssl=1 948w, https:\/\/i0.wp.com\/keine-osttangente.de\/wp-content\/uploads\/2018\/10\/20181012_201302.jpg?w=1422&amp;ssl=1 1422w\" sizes=\"(max-width: 300px) 100vw, 300px\" data-recalc-dims=\"1\" \/><\/p>\n<p><strong>Dem Osttangente-Erwartungsland<br \/>\n<\/strong><strong>von Hans Well, 12.10.2018 <\/strong><\/p>\n<p>Im rotn Bermudadreieck vom<br \/>\nSchwabnland<br \/>\nWo im ganzn Ort koa Maibaum steht<br \/>\nWeil de Meringer net wissen, wia\u00b4s Aufstoin geht<\/p>\n<p>Wo ma de Kinder die Ewigkeit so erkl\u00e4rt<br \/>\nDes is dann, wenn des Haus am Kirchnbogn amoi hergricht werd<\/p>\n<p>Heit sama in a kloana Stod<br \/>\nwo da Pfarrer die Vision 2025 hot<br \/>\nund des Papst Johannes Haus noch 40 Johr obrei\u00dfn wui<br \/>\nMit am 30 Millionen Multifunktionsbau ois Zui<\/p>\n<p>Wo ma bei de Eigentumswohnungen am Oberfeld drauf vertraut<br \/>\nwer schwarz w\u00e4hlt, dort auch baut<\/p>\n<p>und ein Gemeinderat, der f\u00fcr des Oberfeld &#8211; Bauprojekt stimmt<br \/>\nWundersamerweise kurz drauf beim Bautr\u00e4ger beruflich unterkimmt<\/p>\n<p>Wo\u00b4s beim Gewerbegebiet St. Afra Millionen drauf zoit hom<br \/>\nUnd des ausgrechnet bei de knickertn Schwobn<\/p>\n<p>Wo die Ortsentwicklung stagniert<br \/>\nWeil`s die Gemeinderatsmehrheit blockiert<\/p>\n<p>Und si nix \u00e4ndert beim Durchgangsverkehr<br \/>\nund LKW\u00b4s und Autos werdn oiwei mehr<\/p>\n<p>Wo de Politiker in Sonntogsredn vom Fl\u00e4chensparn schwadroniern<br \/>\nUnd unter da Woch \u00c4cker und Wiesn betoniern<\/p>\n<p>Wo da Sozi Kandler hemmungslos und ungeniert<br \/>\nGewerbegebiete und Osttangente favorisiert<br \/>\nA Autobahn, de 4 spurig durch die Kissinger Heide zieht<br \/>\nDurch ein Trinkwasser und Landschaftsschutzgebiet<\/p>\n<p>wo da Tomaschko wieslt im Landtag rum\/ und koana woa\u00df so recht: warum<br \/>\nweil 1. redt der ziemlich vui Schmarrn<br \/>\nund 2. is der sogor z\u00b4bleed zum Radl fahrn<\/p>\n<p>und \u00fcberhaupts schiabt der am meistn o mit Alimente<br \/>\nf\u00fcr de unseelige Osttangente<\/p>\n<p>heit sama im schw\u00e4bischen Paradies<br \/>\nwo s\u00b4Internet im Hinterland no langsamer wia d`Sprach is<\/p>\n<p>wo aber jedem Oberbayern oans sofort auffoit<br \/>\nder Meringer Dialekt is der erotischste auf da ganzn Woit<\/p>\n<p><img loading=\"lazy\" decoding=\"async\" data-attachment-id=\"1660\" data-permalink=\"https:\/\/keine-osttangente.de\/?attachment_id=1660\" data-orig-file=\"https:\/\/i0.wp.com\/keine-osttangente.de\/wp-content\/uploads\/2018\/10\/SchildKeineOT.jpg?fit=767%2C432&amp;ssl=1\" data-orig-size=\"767,432\" data-comments-opened=\"1\" data-image-meta=\"{&quot;aperture&quot;:&quot;0&quot;,&quot;credit&quot;:&quot;&quot;,&quot;camera&quot;:&quot;&quot;,&quot;caption&quot;:&quot;&quot;,&quot;created_timestamp&quot;:&quot;0&quot;,&quot;copyright&quot;:&quot;&quot;,&quot;focal_length&quot;:&quot;0&quot;,&quot;iso&quot;:&quot;0&quot;,&quot;shutter_speed&quot;:&quot;0&quot;,&quot;title&quot;:&quot;&quot;,&quot;orientation&quot;:&quot;0&quot;}\" data-image-title=\"SchildKeineOT\" data-image-description=\"\" data-image-caption=\"\" data-medium-file=\"https:\/\/i0.wp.com\/keine-osttangente.de\/wp-content\/uploads\/2018\/10\/SchildKeineOT.jpg?fit=300%2C169&amp;ssl=1\" data-large-file=\"https:\/\/i0.wp.com\/keine-osttangente.de\/wp-content\/uploads\/2018\/10\/SchildKeineOT.jpg?fit=474%2C267&amp;ssl=1\" class=\"alignnone size-medium wp-image-1660\" src=\"https:\/\/i0.wp.com\/keine-osttangente.de\/wp-content\/uploads\/2018\/10\/SchildKeineOT.jpg?resize=300%2C169&#038;ssl=1\" alt=\"\" width=\"300\" height=\"169\" srcset=\"https:\/\/i0.wp.com\/keine-osttangente.de\/wp-content\/uploads\/2018\/10\/SchildKeineOT.jpg?resize=300%2C169&amp;ssl=1 300w, https:\/\/i0.wp.com\/keine-osttangente.de\/wp-content\/uploads\/2018\/10\/SchildKeineOT.jpg?w=767&amp;ssl=1 767w\" sizes=\"(max-width: 300px) 100vw, 300px\" data-recalc-dims=\"1\" \/><\/p>\n","protected":false},"excerpt":{"rendered":"<p>Dies ist der Text des Eingangsliedes von Hans Well und den Wellbappn bei ihrem Auftritt am 12. Oktober 2018 im Papst-Johannes-Haus in Mering. Die Veranstaltung war ein \u00fcberw\u00e4ltigender Erfolg und der Veranstaltungssaal war komplett ausgebucht. Mehr als 250 Zuschauerinnen und Zuschauer feierten die Wellbappn und Hans Well. Dem Osttangente-Erwartungsland von Hans Well, 12.10.2018 Im rotn &hellip; <a href=\"https:\/\/keine-osttangente.de\/?p=1649\" class=\"more-link\"><span class=\"screen-reader-text\">Dem Osttangenten-Erwartungsland, von Hans Well, 11. Oktober in Mering<\/span> weiterlesen <span class=\"meta-nav\">&rarr;<\/span><\/a><\/p>\n","protected":false},"author":3,"featured_media":0,"comment_status":"open","ping_status":"open","sticky":false,"template":"","format":"image","meta":{"jetpack_post_was_ever_published":false,"_jetpack_newsletter_access":"","_jetpack_dont_email_post_to_subs":false,"_jetpack_newsletter_tier_id":0,"footnotes":"","jetpack_publicize_message":"","jetpack_publicize_feature_enabled":true,"jetpack_social_post_already_shared":false,"jetpack_social_options":{"image_generator_settings":{"template":"highway","enabled":false}}},"categories":[88],"tags":[96,71],"jetpack_publicize_connections":[],"jetpack_featured_media_url":"","jetpack_shortlink":"https:\/\/wp.me\/p8dGOP-qB","jetpack-related-posts":[{"id":1626,"url":"https:\/\/keine-osttangente.de\/?p=1626","url_meta":{"origin":1649,"position":0},"title":"Hans Well kommt mit seinen Wellbappn am 12. Oktober nach Mering","author":"Wolfhard von Thienen","date":"20. September 2018","format":false,"excerpt":"Hans Well kommt mit seinen Wellbappn nach Mering Nach dem Auftritt von Haindling kommt in diesem Jahr mit Hans Well und seinen Wellbappn eine weitere bayerische Kultband nach Mering. Sie \u201ehaben sich mittlerweile als erfolgreiche und ernstzunehmende Nachfolger der Bierm\u00f6sl Blosn, jener legend\u00e4ren Kabarett- und Musik-Band, etabliert\u201c schrieb k\u00fcrzlich die\u2026","rel":"","context":"In &quot;Veranstaltung&quot;","block_context":{"text":"Veranstaltung","link":"https:\/\/keine-osttangente.de\/?cat=88"},"img":{"alt_text":"","src":"https:\/\/i0.wp.com\/keine-osttangente.de\/wp-content\/uploads\/2018\/09\/Wellbappn2018-214x300.jpg?resize=350%2C200","width":350,"height":200},"classes":[]},{"id":1062,"url":"https:\/\/keine-osttangente.de\/?p=1062","url_meta":{"origin":1649,"position":1},"title":"Gek\u00fcrzter Leserbrief in der FA","author":"Admin","date":"26. April 2016","format":"quote","excerpt":"Gestern am 25.4. waren zwei Leserbriefe in der Friedberger Allgemeinen im Lokalteil, wo Wolfhard von Thienen unterstellt wurde, dass er unsachlich argumentiert und falsche Behauptungen aufstellt. Wolfhard und ich haben daraufhin eine Erwiderung formuliert, die aber leider nur teilweise in der Friedberger Allgmeinen vom 26.4. abgedruckt wurde. Den kompletten Text\u2026","rel":"","context":"In &quot;Presse&quot;","block_context":{"text":"Presse","link":"https:\/\/keine-osttangente.de\/?cat=42"},"img":{"alt_text":"","src":"","width":0,"height":0},"classes":[]},{"id":515,"url":"https:\/\/keine-osttangente.de\/?p=515","url_meta":{"origin":1649,"position":2},"title":"Radl-Sternfahrt, ein gro\u00dfer Erfolg","author":"Admin","date":"29. Juni 2015","format":false,"excerpt":"Nachdem uns das Wetter in der letzten Woche einen Strich durch die Rechnung gemacht hatte, konnten wir die Radl-Sternfahrt dieses mal erfolgreich durchf\u00fchren. Aus 11 Orten kamen ca. 300 Radfahrer zum Weitmannsee um gegen die Planung und den Bau der Osttangente Augsburg zu protestieren. Im Bild oben ein Eindruck kurz\u2026","rel":"","context":"In &quot;Allgemein&quot;","block_context":{"text":"Allgemein","link":"https:\/\/keine-osttangente.de\/?cat=4"},"img":{"alt_text":"Abfahrt Mering_700","src":"https:\/\/i0.wp.com\/keine-osttangente.de\/wp-content\/uploads\/2015\/06\/Abfahrt-Mering_700.jpg?resize=350%2C200","width":350,"height":200},"classes":[]},{"id":2291,"url":"https:\/\/keine-osttangente.de\/?p=2291","url_meta":{"origin":1649,"position":3},"title":"Wir nehmen Abschied von Hans Schneider","author":"Wolfhard von Thienen","date":"19. Januar 2022","format":false,"excerpt":"Mit gro\u00dfer Trauer nehmen wir Abschied von unserem Gr\u00fcndungsmitglied, langj\u00e4hrigem Kassenwart und Freund Mit gro\u00dfem Engagement war Hans von Beginn an in unserem B\u00fcndnis aktiv t\u00e4tig, um sich f\u00fcr den Erhalt unserer Heimat, Natur und Umwelt einzusetzen. Er blieb dabei immer bescheiden und war jederzeit bereit, zu helfen und zu\u2026","rel":"","context":"In &quot;Allgemein&quot;","block_context":{"text":"Allgemein","link":"https:\/\/keine-osttangente.de\/?cat=4"},"img":{"alt_text":"","src":"","width":0,"height":0},"classes":[]},{"id":1866,"url":"https:\/\/keine-osttangente.de\/?p=1866","url_meta":{"origin":1649,"position":4},"title":"AKO sieht deutliche Anzeichen f\u00fcr eine Verkehrswende und wachsenden Rechtfertigungsdruck f\u00fcr die Osttangente","author":"Wolfhard von Thienen","date":"18. Januar 2020","format":false,"excerpt":"Der Verein \u201eAKO-Alternative Konzepte f\u00fcr Mobilit\u00e4t e.V.\u201c traf sich zu seiner Jahreshauptversammlung Anfang Januar in Mering. Der Verein wurde durch die Mitglieder des Aktionsb\u00fcndnisses Keine Osttangente mit dem Zweck gebildet, umweltfreundliche Mobilit\u00e4tskonzepte zu entwickeln und das b\u00fcrgerliche Engagement bei der Durchf\u00fchrung von Verkehrsinfrastrukturprojekten zu unterst\u00fctzen. Neben der Koordination des Aktionsb\u00fcndnisses\u2026","rel":"","context":"In &quot;Allgemein&quot;","block_context":{"text":"Allgemein","link":"https:\/\/keine-osttangente.de\/?cat=4"},"img":{"alt_text":"","src":"https:\/\/i0.wp.com\/keine-osttangente.de\/wp-content\/uploads\/2020\/01\/PE_AKO_Vorstand_Jan2020-300x225.jpg?resize=350%2C200","width":350,"height":200},"classes":[]},{"id":2120,"url":"https:\/\/keine-osttangente.de\/?p=2120","url_meta":{"origin":1649,"position":5},"title":"Wunder Wasserstoff?","author":"Wolfhard von Thienen","date":"17. M\u00e4rz 2021","format":false,"excerpt":"Im Rahmen unserer Veranstaltungsserie zum Thema Mobilit\u00e4t laden wir herzlich zum Online-Vortrag von Rudolf Kaiserswerth \u00fcber die Wasserstofftechnologie ein Zoom-Meeting https:\/\/us02web.zoom.us\/j\/86947693474?pwd=dTZpUVNRejQwUnFReFpUQy9rR3Qvdz09 Meeting-ID: 869 4769 3474 Kenncode: 959632 Dienstag, 30. M\u00e4rz 2021, 19 Uhr Das Thema Wasserstoff ist immer wieder in den Medien und wird teilweise sehr emotional und kontrovers diskutiert.\u2026","rel":"","context":"In &quot;Allgemein&quot;","block_context":{"text":"Allgemein","link":"https:\/\/keine-osttangente.de\/?cat=4"},"img":{"alt_text":"","src":"","width":0,"height":0},"classes":[]}],"jetpack_likes_enabled":true,"jetpack_sharing_enabled":true,"_links":{"self":[{"href":"https:\/\/keine-osttangente.de\/index.php?rest_route=\/wp\/v2\/posts\/1649"}],"collection":[{"href":"https:\/\/keine-osttangente.de\/index.php?rest_route=\/wp\/v2\/posts"}],"about":[{"href":"https:\/\/keine-osttangente.de\/index.php?rest_route=\/wp\/v2\/types\/post"}],"author":[{"embeddable":true,"href":"https:\/\/keine-osttangente.de\/index.php?rest_route=\/wp\/v2\/users\/3"}],"replies":[{"embeddable":true,"href":"https:\/\/keine-osttangente.de\/index.php?rest_route=%2Fwp%2Fv2%2Fcomments&post=1649"}],"version-history":[{"count":9,"href":"https:\/\/keine-osttangente.de\/index.php?rest_route=\/wp\/v2\/posts\/1649\/revisions"}],"predecessor-version":[{"id":1662,"href":"https:\/\/keine-osttangente.de\/index.php?rest_route=\/wp\/v2\/posts\/1649\/revisions\/1662"}],"wp:attachment":[{"href":"https:\/\/keine-osttangente.de\/index.php?rest_route=%2Fwp%2Fv2%2Fmedia&parent=1649"}],"wp:term":[{"taxonomy":"category","embeddable":true,"href":"https:\/\/keine-osttangente.de\/index.php?rest_route=%2Fwp%2Fv2%2Fcategories&post=1649"},{"taxonomy":"post_tag","embeddable":true,"href":"https:\/\/keine-osttangente.de\/index.php?rest_route=%2Fwp%2Fv2%2Ftags&post=1649"}],"curies":[{"name":"wp","href":"https:\/\/api.w.org\/{rel}","templated":true}]}}