{"id":1626,"date":"2018-09-20T15:00:13","date_gmt":"2018-09-20T15:00:13","guid":{"rendered":"http:\/\/keine-osttangente.de\/?p=1626"},"modified":"2018-09-20T16:01:33","modified_gmt":"2018-09-20T16:01:33","slug":"1626","status":"publish","type":"post","link":"https:\/\/keine-osttangente.de\/?p=1626","title":{"rendered":"Hans Well kommt mit seinen Wellbappn am 12. Oktober nach Mering"},"content":{"rendered":"<p><img loading=\"lazy\" decoding=\"async\" data-attachment-id=\"1627\" data-permalink=\"https:\/\/keine-osttangente.de\/?attachment_id=1627\" data-orig-file=\"https:\/\/i0.wp.com\/keine-osttangente.de\/wp-content\/uploads\/2018\/09\/Wellbappn2018.jpg?fit=641%2C897&amp;ssl=1\" data-orig-size=\"641,897\" data-comments-opened=\"1\" data-image-meta=\"{&quot;aperture&quot;:&quot;0&quot;,&quot;credit&quot;:&quot;&quot;,&quot;camera&quot;:&quot;&quot;,&quot;caption&quot;:&quot;&quot;,&quot;created_timestamp&quot;:&quot;0&quot;,&quot;copyright&quot;:&quot;&quot;,&quot;focal_length&quot;:&quot;0&quot;,&quot;iso&quot;:&quot;0&quot;,&quot;shutter_speed&quot;:&quot;0&quot;,&quot;title&quot;:&quot;&quot;,&quot;orientation&quot;:&quot;0&quot;}\" data-image-title=\"Wellbappn2018\" data-image-description=\"\" data-image-caption=\"\" data-medium-file=\"https:\/\/i0.wp.com\/keine-osttangente.de\/wp-content\/uploads\/2018\/09\/Wellbappn2018.jpg?fit=214%2C300&amp;ssl=1\" data-large-file=\"https:\/\/i0.wp.com\/keine-osttangente.de\/wp-content\/uploads\/2018\/09\/Wellbappn2018.jpg?fit=474%2C663&amp;ssl=1\" class=\"alignnone wp-image-1627\" src=\"https:\/\/i0.wp.com\/keine-osttangente.de\/wp-content\/uploads\/2018\/09\/Wellbappn2018.jpg?resize=447%2C627&#038;ssl=1\" alt=\"\" width=\"447\" height=\"627\" srcset=\"https:\/\/i0.wp.com\/keine-osttangente.de\/wp-content\/uploads\/2018\/09\/Wellbappn2018.jpg?resize=214%2C300&amp;ssl=1 214w, https:\/\/i0.wp.com\/keine-osttangente.de\/wp-content\/uploads\/2018\/09\/Wellbappn2018.jpg?w=641&amp;ssl=1 641w\" sizes=\"(max-width: 447px) 100vw, 447px\" data-recalc-dims=\"1\" \/><\/p>\n<p><strong>Hans Well kommt mit seinen Wellbappn nach Mering<\/strong><\/p>\n<p>Nach dem Auftritt von Haindling kommt in diesem Jahr mit Hans Well und seinen Wellbappn eine weitere bayerische Kultband nach Mering. Sie \u201ehaben sich mittlerweile als erfolgreiche und ernstzunehmende Nachfolger der Bierm\u00f6sl Blosn, jener legend\u00e4ren Kabarett- und Musik-Band, etabliert\u201c schrieb k\u00fcrzlich die FAZ. Im Oktober 2017 wurden sie mit dem Publikumspreis Unterf\u00f6hringer Moor als beste Gruppe des Jahres ausgezeichnet.<\/p>\n<p>Auf Einladung des Aktionsb\u00fcndnis keine Osttangente (A-KO) begeisterten sie bereits im Jahr 2015 das Publikum in der Kissinger Paartalhalle und machten mit toller Musik und witzigen und hintergr\u00fcndigen Texten auf so manche Ungereimtheit in Politik und Gesellschaft aufmerksam. Der geniale Texter der Bierm\u00f6sl-Blosn, Hans Well, beehrt damit zum zweiten Mal zusammen mit seinen Kindern Tabea, Sarah und Jonas unsere Region, diesmal im Papst Johannes Haus in Mering.<\/p>\n<p>Auch diesmal folgen sie der Einladung des Aktionsb\u00fcndnisses in Zusammenarbeit mit dem Bund Naturschutz, und werden am 12. Oktober im Papst Johannes Haus in Mering auftreten. Vor und nach der Veranstaltung besteht die M\u00f6glichkeit, sich \u00fcber Alternativen zur Osttangente, \u00fcber deren Planungsstand und \u00fcber die Arbeit des Bund Naturschutz zu informieren. Beginn 20 Uhr, Einlass 19 Uhr, Eintritt 18 Euro, Vorverkauf: Caf\u00e9 Seelenzeit in Mering, Buchhandlung Lesenswert in Friedberg, Schreibwaren Zum Bleistift in Kissing.<\/p>\n","protected":false},"excerpt":{"rendered":"<p>Hans Well kommt mit seinen Wellbappn nach Mering Nach dem Auftritt von Haindling kommt in diesem Jahr mit Hans Well und seinen Wellbappn eine weitere bayerische Kultband nach Mering. Sie \u201ehaben sich mittlerweile als erfolgreiche und ernstzunehmende Nachfolger der Bierm\u00f6sl Blosn, jener legend\u00e4ren Kabarett- und Musik-Band, etabliert\u201c schrieb k\u00fcrzlich die FAZ. Im Oktober 2017 wurden &hellip; <a href=\"https:\/\/keine-osttangente.de\/?p=1626\" class=\"more-link\"><span class=\"screen-reader-text\">Hans Well kommt mit seinen Wellbappn am 12. Oktober nach Mering<\/span> weiterlesen <span class=\"meta-nav\">&rarr;<\/span><\/a><\/p>\n","protected":false},"author":3,"featured_media":0,"comment_status":"open","ping_status":"open","sticky":false,"template":"","format":"standard","meta":{"jetpack_post_was_ever_published":false,"_jetpack_newsletter_access":"","_jetpack_dont_email_post_to_subs":false,"_jetpack_newsletter_tier_id":0,"footnotes":"","jetpack_publicize_message":"","jetpack_publicize_feature_enabled":true,"jetpack_social_post_already_shared":false,"jetpack_social_options":{"image_generator_settings":{"template":"highway","enabled":false}}},"categories":[88],"tags":[94,71],"jetpack_publicize_connections":[],"jetpack_featured_media_url":"","jetpack_shortlink":"https:\/\/wp.me\/s8dGOP-1626","jetpack-related-posts":[{"id":1649,"url":"https:\/\/keine-osttangente.de\/?p=1649","url_meta":{"origin":1626,"position":0},"title":"Dem Osttangenten-Erwartungsland, von Hans Well, 11. Oktober in Mering","author":"Wolfhard von Thienen","date":"19. Oktober 2018","format":"image","excerpt":"Dies ist der Text des Eingangsliedes von Hans Well und den Wellbappn bei ihrem Auftritt am 12. Oktober 2018 im Papst-Johannes-Haus in Mering. Die Veranstaltung war ein \u00fcberw\u00e4ltigender Erfolg und der Veranstaltungssaal war komplett ausgebucht. Mehr als 250 Zuschauerinnen und Zuschauer feierten die Wellbappn und Hans Well. Dem Osttangente-Erwartungsland von\u2026","rel":"","context":"In &quot;Veranstaltung&quot;","block_context":{"text":"Veranstaltung","link":"https:\/\/keine-osttangente.de\/?cat=88"},"img":{"alt_text":"","src":"https:\/\/i0.wp.com\/keine-osttangente.de\/wp-content\/uploads\/2018\/10\/P1050895-300x225.jpg?resize=350%2C200","width":350,"height":200},"classes":[]},{"id":1866,"url":"https:\/\/keine-osttangente.de\/?p=1866","url_meta":{"origin":1626,"position":1},"title":"AKO sieht deutliche Anzeichen f\u00fcr eine Verkehrswende und wachsenden Rechtfertigungsdruck f\u00fcr die Osttangente","author":"Wolfhard von Thienen","date":"18. Januar 2020","format":false,"excerpt":"Der Verein \u201eAKO-Alternative Konzepte f\u00fcr Mobilit\u00e4t e.V.\u201c traf sich zu seiner Jahreshauptversammlung Anfang Januar in Mering. Der Verein wurde durch die Mitglieder des Aktionsb\u00fcndnisses Keine Osttangente mit dem Zweck gebildet, umweltfreundliche Mobilit\u00e4tskonzepte zu entwickeln und das b\u00fcrgerliche Engagement bei der Durchf\u00fchrung von Verkehrsinfrastrukturprojekten zu unterst\u00fctzen. Neben der Koordination des Aktionsb\u00fcndnisses\u2026","rel":"","context":"In &quot;Allgemein&quot;","block_context":{"text":"Allgemein","link":"https:\/\/keine-osttangente.de\/?cat=4"},"img":{"alt_text":"","src":"https:\/\/i0.wp.com\/keine-osttangente.de\/wp-content\/uploads\/2020\/01\/PE_AKO_Vorstand_Jan2020-300x225.jpg?resize=350%2C200","width":350,"height":200},"classes":[]},{"id":1907,"url":"https:\/\/keine-osttangente.de\/?p=1907","url_meta":{"origin":1626,"position":2},"title":"Kommunalwahl 2020 &#8211; Stefan Hummel","author":"Wolfhard von Thienen","date":"11. Februar 2020","format":false,"excerpt":"Stefan Hummel, B\u00fcrgermeisterkandidat Mering, SPD Hinweis: Die Beantwortung erfolgte ohne unmittelbaren Bezug zu unseren Fragen. Gerne nehme ich zu den von Ihnen aufgef\u00fchrten Fragen Stellung. Konzentriert habe ich mich bei der Beantwortung auf den Aufgaben- und Zust\u00e4ndigkeitsbereich als B\u00fcrgermeister. Die Verkehrswende und der damit verbundene Ausbau des \u00f6ffentlichen Nahverkehres genauso\u2026","rel":"","context":"In &quot;Allgemein&quot;","block_context":{"text":"Allgemein","link":"https:\/\/keine-osttangente.de\/?cat=4"},"img":{"alt_text":"","src":"","width":0,"height":0},"classes":[]},{"id":2382,"url":"https:\/\/keine-osttangente.de\/?p=2382","url_meta":{"origin":1626,"position":3},"title":"Osttangente \u2013 Planungen werden extern vergeben","author":"Wolfhard von Thienen","date":"27. April 2023","format":false,"excerpt":"In einem Telefonat mit dem Staatlichen Bauamt Augsburg konnte das Aktionsb\u00fcndnis Keine Osttangente erfahren, wie die n\u00e4chsten Schritte bei der Planung der Osttangente aussehen. Die Osttangente ist eine Bundesschnellstra\u00dfe, die zwischen Oberottmarshausen bei K\u00f6nigsbrunn und Derching bei Friedberg zwischen B17 und A8 gebaut werden soll. Sie ist im Bundesverkehrswegeplan im\u2026","rel":"","context":"In &quot;Allgemein&quot;","block_context":{"text":"Allgemein","link":"https:\/\/keine-osttangente.de\/?cat=4"},"img":{"alt_text":"","src":"","width":0,"height":0},"classes":[]},{"id":1918,"url":"https:\/\/keine-osttangente.de\/?p=1918","url_meta":{"origin":1626,"position":4},"title":"Presseerkl\u00e4rung zu Kommunalwahl 2020","author":"Wolfhard von Thienen","date":"11. Februar 2020","format":false,"excerpt":"Presseerkl\u00e4rung AKO-Alternative Konzepte f\u00fcr Mobilit\u00e4t e.V. Osttangente und Mobilit\u00e4t \u2013 Wo stehen die Kandidaten in der Kommunalwahl 2020? Zweifellos, sie ist das gr\u00f6\u00dfte verkehrspolitische Vorhaben in unserer Region, die Osttangente. Diese autobahn\u00e4hnliche \u00fcberregionale Schnellstra\u00dfe wird gerade mit Hochdruck vom staatlichen Bauamt zwischen der B17 bei K\u00f6nigsbrunn und der A8 bei\u2026","rel":"","context":"In &quot;Politik&quot;","block_context":{"text":"Politik","link":"https:\/\/keine-osttangente.de\/?cat=153"},"img":{"alt_text":"","src":"","width":0,"height":0},"classes":[]},{"id":1884,"url":"https:\/\/keine-osttangente.de\/?p=1884","url_meta":{"origin":1626,"position":5},"title":"Kommunalwahl 2020 &#8211; Petra von Thienen","author":"Wolfhard von Thienen","date":"11. Februar 2020","format":false,"excerpt":"Petra von Thienen, B\u00fcrgermeisterkandidatin Mering, B\u00fcndnis 90\/Die Gr\u00fcnen Sind Sie f\u00fcr oder gegen die Osttangente, so wie sie im Bundesverkehrswegeplan definiert ist? Ich bin eine ganz klare Gegnerin der Osttangente, weil uns diese als Bundesstra\u00dfe getarnte Autobahn nur schaden wird. Sie wird uns in Mering Lebensqualit\u00e4t kosten, wertvolle Natur wird\u2026","rel":"","context":"In &quot;Allgemein&quot;","block_context":{"text":"Allgemein","link":"https:\/\/keine-osttangente.de\/?cat=4"},"img":{"alt_text":"","src":"","width":0,"height":0},"classes":[]}],"jetpack_likes_enabled":true,"jetpack_sharing_enabled":true,"_links":{"self":[{"href":"https:\/\/keine-osttangente.de\/index.php?rest_route=\/wp\/v2\/posts\/1626"}],"collection":[{"href":"https:\/\/keine-osttangente.de\/index.php?rest_route=\/wp\/v2\/posts"}],"about":[{"href":"https:\/\/keine-osttangente.de\/index.php?rest_route=\/wp\/v2\/types\/post"}],"author":[{"embeddable":true,"href":"https:\/\/keine-osttangente.de\/index.php?rest_route=\/wp\/v2\/users\/3"}],"replies":[{"embeddable":true,"href":"https:\/\/keine-osttangente.de\/index.php?rest_route=%2Fwp%2Fv2%2Fcomments&post=1626"}],"version-history":[{"count":3,"href":"https:\/\/keine-osttangente.de\/index.php?rest_route=\/wp\/v2\/posts\/1626\/revisions"}],"predecessor-version":[{"id":1630,"href":"https:\/\/keine-osttangente.de\/index.php?rest_route=\/wp\/v2\/posts\/1626\/revisions\/1630"}],"wp:attachment":[{"href":"https:\/\/keine-osttangente.de\/index.php?rest_route=%2Fwp%2Fv2%2Fmedia&parent=1626"}],"wp:term":[{"taxonomy":"category","embeddable":true,"href":"https:\/\/keine-osttangente.de\/index.php?rest_route=%2Fwp%2Fv2%2Fcategories&post=1626"},{"taxonomy":"post_tag","embeddable":true,"href":"https:\/\/keine-osttangente.de\/index.php?rest_route=%2Fwp%2Fv2%2Ftags&post=1626"}],"curies":[{"name":"wp","href":"https:\/\/api.w.org\/{rel}","templated":true}]}}