{"id":1552,"date":"2018-05-03T15:42:06","date_gmt":"2018-05-03T15:42:06","guid":{"rendered":"http:\/\/keine-osttangente.de\/?p=1552"},"modified":"2018-07-03T08:22:19","modified_gmt":"2018-07-03T08:22:19","slug":"der-verein","status":"publish","type":"post","link":"https:\/\/keine-osttangente.de\/?p=1552","title":{"rendered":"Der Verein"},"content":{"rendered":"<p>Wir sind der gemeinn\u00fctzige Verein &#8222;AKO \u2013 Alternative Konzepte f\u00fcr Mobilit\u00e4t e.V.&#8220; und setzen uns f\u00fcr Natur- und Umwelschutz mit Schwerpunkt natur- und umweltfreundlicher Mobilit\u00e4t ein. Wir f\u00f6rdern in diesem Zusammenhang b\u00fcrgerschaftliches Engagement bei der Entwicklung entsprechender Mobilit\u00e4tskonzepte.<\/p>\n<p>Das wichtigste Projekt dieses Vereins ist zur Zeit die Verhinderung der Osttangente und die Entwicklung von umweltvertr\u00e4glichen und nachhaltigen Mobilit\u00e4tsalternativen. Weiterhin beteiligen wir uns an der Entwicklung eines Fahrradwegenetzes f\u00fcr unsere Region und arbeiten hierbei mit verschiedenen anderen Organisationen zusammen.<\/p>\n<p>Wir unterst\u00fctzen das Volksbegehren &#8222;Betonflut eind\u00e4mmen&#8220; und sind Teil des lokalen B\u00fcndnisses des Volksbegehrens im Landkreis Aichach-Friedberg.<\/p>\n<p>Hierzu brauchen wir Ihre Unterst\u00fctzung. Werden Sie daher Mitglied im neu gegr\u00fcndeten Verein.<\/p>\n<p>Hier k\u00f6nnen Sie das\u00a0 <a href=\"https:\/\/keine-osttangente.de\/?p=1309\">Aufnahmeformular<\/a> herunterladen.<\/p>\n<p>Hier k\u00f6nnen Sie unsere lesen <a href=\"https:\/\/keine-osttangente.de\/wp-content\/uploads\/2018\/05\/Satzung_AKO_Oeffentlich_V1.0.pdf\">Satzung<\/a> lesen.<\/p>\n<p>Wenn Sie uns finanziell unterst\u00fctzen m\u00f6chten k\u00f6nnen Sie dies mit einer von der Steuer absetzbaren\u00a0 <a href=\"https:\/\/keine-osttangente.de\/?page_id=386\">Spende an den Verein<\/a>.<\/p>\n","protected":false},"excerpt":{"rendered":"<p>Wir sind der gemeinn\u00fctzige Verein &#8222;AKO \u2013 Alternative Konzepte f\u00fcr Mobilit\u00e4t e.V.&#8220; und setzen uns f\u00fcr Natur- und Umwelschutz mit Schwerpunkt natur- und umweltfreundlicher Mobilit\u00e4t ein. Wir f\u00f6rdern in diesem Zusammenhang b\u00fcrgerschaftliches Engagement bei der Entwicklung entsprechender Mobilit\u00e4tskonzepte. Das wichtigste Projekt dieses Vereins ist zur Zeit die Verhinderung der Osttangente und die Entwicklung von umweltvertr\u00e4glichen &hellip; <a href=\"https:\/\/keine-osttangente.de\/?p=1552\" class=\"more-link\"><span class=\"screen-reader-text\">Der Verein<\/span> weiterlesen <span class=\"meta-nav\">&rarr;<\/span><\/a><\/p>\n","protected":false},"author":1,"featured_media":1558,"comment_status":"open","ping_status":"open","sticky":true,"template":"","format":"standard","meta":{"jetpack_post_was_ever_published":false,"_jetpack_newsletter_access":"","_jetpack_dont_email_post_to_subs":false,"_jetpack_newsletter_tier_id":0,"footnotes":"","jetpack_publicize_message":"","jetpack_publicize_feature_enabled":true,"jetpack_social_post_already_shared":false,"jetpack_social_options":{"image_generator_settings":{"template":"highway","enabled":false}}},"categories":[92],"tags":[85,93],"jetpack_publicize_connections":[],"jetpack_featured_media_url":"https:\/\/i0.wp.com\/keine-osttangente.de\/wp-content\/uploads\/2018\/05\/team-386673_672.jpg?fit=1920%2C1062&ssl=1","jetpack_shortlink":"https:\/\/wp.me\/p8dGOP-p2","jetpack-related-posts":[{"id":1866,"url":"https:\/\/keine-osttangente.de\/?p=1866","url_meta":{"origin":1552,"position":0},"title":"AKO sieht deutliche Anzeichen f\u00fcr eine Verkehrswende und wachsenden Rechtfertigungsdruck f\u00fcr die Osttangente","author":"Wolfhard von Thienen","date":"18. Januar 2020","format":false,"excerpt":"Der Verein \u201eAKO-Alternative Konzepte f\u00fcr Mobilit\u00e4t e.V.\u201c traf sich zu seiner Jahreshauptversammlung Anfang Januar in Mering. Der Verein wurde durch die Mitglieder des Aktionsb\u00fcndnisses Keine Osttangente mit dem Zweck gebildet, umweltfreundliche Mobilit\u00e4tskonzepte zu entwickeln und das b\u00fcrgerliche Engagement bei der Durchf\u00fchrung von Verkehrsinfrastrukturprojekten zu unterst\u00fctzen. Neben der Koordination des Aktionsb\u00fcndnisses\u2026","rel":"","context":"In &quot;Allgemein&quot;","block_context":{"text":"Allgemein","link":"https:\/\/keine-osttangente.de\/?cat=4"},"img":{"alt_text":"","src":"https:\/\/i0.wp.com\/keine-osttangente.de\/wp-content\/uploads\/2020\/01\/PE_AKO_Vorstand_Jan2020-300x225.jpg?resize=350%2C200","width":350,"height":200},"classes":[]},{"id":2164,"url":"https:\/\/keine-osttangente.de\/?p=2164","url_meta":{"origin":1552,"position":1},"title":"Radfahren in Aichach-Friedberg &#8211; das Radverkehrskonzept des Landkreises","author":"Wolfhard von Thienen","date":"21. April 2021","format":false,"excerpt":"Online-Vortrag von Wolfhard von Thienen\u00a0 am 4. Mai 2021, 19 - 21 Uhr Der Landkreis Aichach-Friedberg hat sich viel in Richtung Radverkehr vorgenommen. Dazu wurde ein zukunftsweisendes Radverkehrskonzept im Auftrag des Landkreises entwickelt. Leider liegt dieses Konzept bisher lediglich als recht umfangreiches technisches Dokument vor, das eher etwas f\u00fcr Fachleute\u2026","rel":"","context":"In &quot;Allgemein&quot;","block_context":{"text":"Allgemein","link":"https:\/\/keine-osttangente.de\/?cat=4"},"img":{"alt_text":"","src":"https:\/\/i0.wp.com\/keine-osttangente.de\/wp-content\/uploads\/2021\/04\/P1060193-300x225.jpg?resize=350%2C200","width":350,"height":200},"classes":[]},{"id":2578,"url":"https:\/\/keine-osttangente.de\/?p=2578","url_meta":{"origin":1552,"position":2},"title":"Infobrief Nr. 9 Aktionsb\u00fcndnis Keine Osttangente A-KO","author":"Wolfhard von Thienen","date":"22. Juni 2025","format":false,"excerpt":"Infobrief Nr. 9 Aktionsb\u00fcndnis Keine Osttangente A-KO Juni 2025 Liebe Leserinnen und Leser, liebe an Informationen zur Osttangente und zu Alternativen dazu Interessierte, Sie erhalten hiermit den neunten Infobrief der Aktionsb\u00fcndnisses Keine Osttangente-AKO zur Osttangente und zu allgemeinen Mobilit\u00e4tsthemen. \u00dcber Anregungen, Lob aber auch Kritik freuen wir uns nat\u00fcrlich \u2013\u2026","rel":"","context":"In &quot;Nachrichten zur Mobilit\u00e4t&quot;","block_context":{"text":"Nachrichten zur Mobilit\u00e4t","link":"https:\/\/keine-osttangente.de\/?cat=106"},"img":{"alt_text":"","src":"","width":0,"height":0},"classes":[]},{"id":2120,"url":"https:\/\/keine-osttangente.de\/?p=2120","url_meta":{"origin":1552,"position":3},"title":"Wunder Wasserstoff?","author":"Wolfhard von Thienen","date":"17. M\u00e4rz 2021","format":false,"excerpt":"Im Rahmen unserer Veranstaltungsserie zum Thema Mobilit\u00e4t laden wir herzlich zum Online-Vortrag von Rudolf Kaiserswerth \u00fcber die Wasserstofftechnologie ein Zoom-Meeting https:\/\/us02web.zoom.us\/j\/86947693474?pwd=dTZpUVNRejQwUnFReFpUQy9rR3Qvdz09 Meeting-ID: 869 4769 3474 Kenncode: 959632 Dienstag, 30. M\u00e4rz 2021, 19 Uhr Das Thema Wasserstoff ist immer wieder in den Medien und wird teilweise sehr emotional und kontrovers diskutiert.\u2026","rel":"","context":"In &quot;Allgemein&quot;","block_context":{"text":"Allgemein","link":"https:\/\/keine-osttangente.de\/?cat=4"},"img":{"alt_text":"","src":"","width":0,"height":0},"classes":[]},{"id":637,"url":"https:\/\/keine-osttangente.de\/?p=637","url_meta":{"origin":1552,"position":4},"title":"Alternativen zur Osttangente","author":"Wolfhard von Thienen","date":"6. November 2015","format":false,"excerpt":"Welche Alternativen gibt es zur Osttangente ? Unser Verein hat in einem Workshop unter reger Beteiligung vieler Mitglieder Alternativen zur Osttangente entwickelt. Wir lehnen einen weiteren Ausbau von Schnellstra\u00dfen in der Region ab, sei es die neue Osttangente oder ein durchgehender Ausbau der B17. Statt dessen sollen neue Mobilit\u00e4tskonzepte umgesetzt\u2026","rel":"","context":"In &quot;Argumente&quot;","block_context":{"text":"Argumente","link":"https:\/\/keine-osttangente.de\/?cat=5"},"img":{"alt_text":"","src":"","width":0,"height":0},"classes":[]},{"id":1999,"url":"https:\/\/keine-osttangente.de\/?p=1999","url_meta":{"origin":1552,"position":5},"title":"Lasst uns in eine umwelt- und klimafreundliche Mobilit\u00e4t investieren","author":"Wolfhard von Thienen","date":"4. Mai 2020","format":false,"excerpt":"In einer fast schon unversch\u00e4mten Manier fordern die Cheflobbyistin der Automobilindustrie, Hildegard M\u00fcller, sowie VW-Chef Dries eine Pr\u00e4mie f\u00fcr den Kauf von Neuwagen. Auch die Ministerpr\u00e4sidenten Baden-W\u00fcrttembergs, Bayerns und Niedersachens blasen in das gleiche Horn. Dabei sollen nicht nur Elektrofahrzeuge sondern auch die nicht gerade umweltfreundlichen Plug-In-Hybriden sowie schadstoffarme Benziner\u2026","rel":"","context":"In &quot;Neue Mobilit\u00e4tskonzepte&quot;","block_context":{"text":"Neue Mobilit\u00e4tskonzepte","link":"https:\/\/keine-osttangente.de\/?cat=107"},"img":{"alt_text":"","src":"","width":0,"height":0},"classes":[]}],"jetpack_likes_enabled":true,"jetpack_sharing_enabled":true,"_links":{"self":[{"href":"https:\/\/keine-osttangente.de\/index.php?rest_route=\/wp\/v2\/posts\/1552"}],"collection":[{"href":"https:\/\/keine-osttangente.de\/index.php?rest_route=\/wp\/v2\/posts"}],"about":[{"href":"https:\/\/keine-osttangente.de\/index.php?rest_route=\/wp\/v2\/types\/post"}],"author":[{"embeddable":true,"href":"https:\/\/keine-osttangente.de\/index.php?rest_route=\/wp\/v2\/users\/1"}],"replies":[{"embeddable":true,"href":"https:\/\/keine-osttangente.de\/index.php?rest_route=%2Fwp%2Fv2%2Fcomments&post=1552"}],"version-history":[{"count":8,"href":"https:\/\/keine-osttangente.de\/index.php?rest_route=\/wp\/v2\/posts\/1552\/revisions"}],"predecessor-version":[{"id":1620,"href":"https:\/\/keine-osttangente.de\/index.php?rest_route=\/wp\/v2\/posts\/1552\/revisions\/1620"}],"wp:featuredmedia":[{"embeddable":true,"href":"https:\/\/keine-osttangente.de\/index.php?rest_route=\/wp\/v2\/media\/1558"}],"wp:attachment":[{"href":"https:\/\/keine-osttangente.de\/index.php?rest_route=%2Fwp%2Fv2%2Fmedia&parent=1552"}],"wp:term":[{"taxonomy":"category","embeddable":true,"href":"https:\/\/keine-osttangente.de\/index.php?rest_route=%2Fwp%2Fv2%2Fcategories&post=1552"},{"taxonomy":"post_tag","embeddable":true,"href":"https:\/\/keine-osttangente.de\/index.php?rest_route=%2Fwp%2Fv2%2Ftags&post=1552"}],"curies":[{"name":"wp","href":"https:\/\/api.w.org\/{rel}","templated":true}]}}